{"id":540,"date":"2025-12-10T04:46:00","date_gmt":"2025-12-10T07:46:00","guid":{"rendered":"https:\/\/oexpressobr.com.br\/?p=540"},"modified":"2025-12-10T04:46:00","modified_gmt":"2025-12-10T07:46:00","slug":"michelle-bolsonaro-se-afasta-do-pl-mulher-apos-prisao-de-bolsonaro-e-tensoes-internas","status":"publish","type":"post","link":"https:\/\/oexpressobr.com.br\/?p=540","title":{"rendered":"Michelle Bolsonaro se Afasta do PL Mulher Ap\u00f3s Pris\u00e3o de Bolsonaro e Tens\u00f5es Internas"},"content":{"rendered":"\n<p class=\"wp-block-paragraph\">A ex-primeira-dama Michelle Bolsonaro anunciou seu <strong>afastamento tempor\u00e1rio<\/strong> da presid\u00eancia nacional do PL Mulher, alegando <strong>raz\u00f5es m\u00e9dicas<\/strong> e &#8220;queda de imunidade&#8221;. A decis\u00e3o, informada em nota pelo Partido Liberal (PL) nesta segunda-feira (8), ocorre em um momento de intensa press\u00e3o familiar e turbul\u00eancia pol\u00edtica, amplamente associada \u00e0 <strong>pris\u00e3o preventiva de seu marido<\/strong>, o ex-presidente Jair Bolsonaro, ocorrida em 22 de novembro.<\/p>\n\n\n\n<p class=\"wp-block-paragraph\">\u200bO comunicado oficial do PL Mulher mencionou que a sa\u00fade de Michelle vinha sendo afetada por meses e que o <strong>desgaste emocional<\/strong> causado pela deten\u00e7\u00e3o do ex-presidente, al\u00e9m das &#8220;constantes injusti\u00e7as&#8221; contra a fam\u00edlia, contribu\u00edram para o quadro. O afastamento inicial \u00e9 por um per\u00edodo a ser reavaliado, mas j\u00e1 resultou no <strong>adiamento<\/strong> do Encontro do PL Mulher no Rio de Janeiro, que estava previsto para 13 de dezembro e foi remarcado para abril de 2026.<\/p>\n\n\n\n<h3 class=\"wp-block-heading\">\u200bPris\u00e3o de Bolsonaro e Conflitos de Fam\u00edlia Acentuam o Cen\u00e1rio<\/h3>\n\n\n\n<p class=\"wp-block-paragraph\">\u200bJair Bolsonaro foi detido preventivamente e levado \u00e0 Superintend\u00eancia da Pol\u00edcia Federal (PF) em Bras\u00edlia ap\u00f3s tentar violar a tornozeleira eletr\u00f4nica que utilizava em regime de pris\u00e3o domiciliar. A pris\u00e3o elevou o n\u00edvel de <strong>tens\u00e3o<\/strong> no cl\u00e3 Bolsonaro e no partido.<\/p>\n\n\n\n<p class=\"wp-block-paragraph\">\u200bO afastamento de Michelle se deu dias ap\u00f3s o an\u00fancio da <strong>pr\u00e9-candidatura do senador Fl\u00e1vio Bolsonaro (PL-RJ)<\/strong> \u00e0 Presid\u00eancia da Rep\u00fablica para as elei\u00e7\u00f5es de 2026, uma decis\u00e3o que, segundo bastidores, n\u00e3o foi comunicada previamente a Michelle e gerou desconforto. Al\u00e9m disso, a ex-primeira-dama se viu envolvida em um recente <strong>conflito p\u00fablico<\/strong> com os filhos do marido ao manifestar oposi\u00e7\u00e3o a conversas do PL com o ex-presidenci\u00e1vel Ciro Gomes, movimento que foi posteriormente suspenso pelo presidente da legenda, Valdemar Costa Neto, ap\u00f3s reuni\u00e3o de emerg\u00eancia. Michelle defendeu que respeita a posi\u00e7\u00e3o dos enteados, mas que pensa diferente e tem o direito de se expressar com liberdade.<\/p>\n\n\n\n<p class=\"wp-block-paragraph\">\u200bConsiderada uma das principais <strong>cabos eleitorais<\/strong> da legenda, com forte apelo entre o eleitorado conservador e evang\u00e9lico, a pausa nas atividades de Michelle Bolsonaro \u00e9 vista como um rev\u00e9s estrat\u00e9gico para o PL, que contava com sua lideran\u00e7a para organizar o cen\u00e1rio pol\u00edtico mirando 2026. A ex-primeira-dama, que chegou a ser citada em pesquisas como um nome forte para a disputa presidencial, visitou o marido na PF logo ap\u00f3s o an\u00fancio de seu afastamento.<\/p>\n\n\n\n<p class=\"wp-block-paragraph\">\u200bO PL aguarda a reavalia\u00e7\u00e3o m\u00e9dica para definir o prazo final de retorno de sua l\u00edder feminina, enquanto tenta <strong>reorganizar a rota<\/strong> em meio \u00e0 instabilidade e incertezas sobre sua estrat\u00e9gia eleitoral para os pr\u00f3ximos anos<\/p>\n","protected":false},"excerpt":{"rendered":"<p>A ex-primeira-dama Michelle Bolsonaro anunciou seu afastamento tempor\u00e1rio da presid\u00eancia nacional do PL Mulher, alegando raz\u00f5es m\u00e9dicas e &#8220;queda de imunidade&#8221;. A decis\u00e3o, informada em [&#8230;]<\/p>\n","protected":false},"author":1,"featured_media":541,"comment_status":"open","ping_status":"open","sticky":false,"template":"","format":"standard","meta":{"_crdt_document":"","_jetpack_memberships_contains_paid_content":false,"footnotes":"","jetpack_publicize_message":"","jetpack_publicize_feature_enabled":true,"jetpack_social_post_already_shared":false,"jetpack_social_options":{"image_generator_settings":{"template":"highway","default_image_id":0,"font":"","enabled":false},"version":2}},"categories":[7],"tags":[],"class_list":["post-540","post","type-post","status-publish","format-standard","has-post-thumbnail","hentry","category-politica"],"jetpack_publicize_connections":[],"jetpack_featured_media_url":"https:\/\/i0.wp.com\/oexpressobr.com.br\/wp-content\/uploads\/2025\/12\/IMG_3771.jpeg?fit=414%2C280&ssl=1","jetpack_likes_enabled":true,"jetpack_sharing_enabled":true,"_links":{"self":[{"href":"https:\/\/oexpressobr.com.br\/index.php?rest_route=\/wp\/v2\/posts\/540","targetHints":{"allow":["GET"]}}],"collection":[{"href":"https:\/\/oexpressobr.com.br\/index.php?rest_route=\/wp\/v2\/posts"}],"about":[{"href":"https:\/\/oexpressobr.com.br\/index.php?rest_route=\/wp\/v2\/types\/post"}],"author":[{"embeddable":true,"href":"https:\/\/oexpressobr.com.br\/index.php?rest_route=\/wp\/v2\/users\/1"}],"replies":[{"embeddable":true,"href":"https:\/\/oexpressobr.com.br\/index.php?rest_route=%2Fwp%2Fv2%2Fcomments&post=540"}],"version-history":[{"count":0,"href":"https:\/\/oexpressobr.com.br\/index.php?rest_route=\/wp\/v2\/posts\/540\/revisions"}],"wp:featuredmedia":[{"embeddable":true,"href":"https:\/\/oexpressobr.com.br\/index.php?rest_route=\/wp\/v2\/media\/541"}],"wp:attachment":[{"href":"https:\/\/oexpressobr.com.br\/index.php?rest_route=%2Fwp%2Fv2%2Fmedia&parent=540"}],"wp:term":[{"taxonomy":"category","embeddable":true,"href":"https:\/\/oexpressobr.com.br\/index.php?rest_route=%2Fwp%2Fv2%2Fcategories&post=540"},{"taxonomy":"post_tag","embeddable":true,"href":"https:\/\/oexpressobr.com.br\/index.php?rest_route=%2Fwp%2Fv2%2Ftags&post=540"}],"curies":[{"name":"wp","href":"https:\/\/api.w.org\/{rel}","templated":true}]}}