{"id":5403,"date":"2026-03-09T04:36:32","date_gmt":"2026-03-09T07:36:32","guid":{"rendered":"https:\/\/oexpressobr.com.br\/?p=5403"},"modified":"2026-03-09T04:36:41","modified_gmt":"2026-03-09T07:36:41","slug":"abel-ferreira-supera-oswaldo-brandao-e-se-torna-o-maior-campeao-da-historia-do-palmeiras","status":"publish","type":"post","link":"https:\/\/oexpressobr.com.br\/?p=5403","title":{"rendered":"Abel Ferreira supera Oswaldo Brand\u00e3o e se torna o maior campe\u00e3o da hist\u00f3ria do Palmeiras"},"content":{"rendered":"\n<p class=\"wp-block-paragraph\">O t\u00e9cnico <strong>Abel Ferreira<\/strong> escreveu mais um cap\u00edtulo definitivo em sua trajet\u00f3ria no futebol brasileiro. Com a conquista do <strong>Campeonato Paulista de 2026<\/strong> neste domingo (8), ap\u00f3s vit\u00f3ria sobre o Novorizontino, o treinador portugu\u00eas atingiu a marca de <strong>11 t\u00edtulos<\/strong> oficiais pelo Palmeiras, isolando-se como o t\u00e9cnico mais vitorioso da hist\u00f3ria centen\u00e1ria do clube.<\/p>\n\n\n\n<p class=\"wp-block-paragraph\">\u200bAt\u00e9 ent\u00e3o, Abel dividia o topo do ranking com o lend\u00e1rio <strong>Oswaldo Brand\u00e3o<\/strong>, \u00eddolo das &#8220;Academias&#8221; das d\u00e9cadas de 1940 a 1970, que somava 10 ta\u00e7as. A nova conquista encerra tamb\u00e9m um breve hiato de trof\u00e9us em 2025, ano em que o Verd\u00e3o acumulou tr\u00eas vice-campeonatos (Paulista, Brasileir\u00e3o e Libertadores).<\/p>\n\n\n\n<h3 class=\"wp-block-heading\">\u200bA galeria de trof\u00e9us da &#8220;Era Abel&#8221;<\/h3>\n\n\n\n<p class=\"wp-block-paragraph\">\u200bDesde sua chegada em outubro de 2020, Abel Ferreira transformou o Palmeiras em uma m\u00e1quina de t\u00edtulos. Confira a lista atualizada das 11 conquistas:<\/p>\n\n\n\n<h3 class=\"wp-block-heading\">Marcas hist\u00f3ricas e o &#8220;renascimento&#8221; em 2026<\/h3>\n\n\n\n<p class=\"wp-block-paragraph\">\u200bAl\u00e9m de superar Brand\u00e3o, Abel consolidou outros recordes importantes com este novo t\u00edtulo:<\/p>\n\n\n\n<ul class=\"wp-block-list\">\n<li>\u200b<strong>T\u00e9cnico estrangeiro com mais t\u00edtulos no Brasil:<\/strong> Superou o uruguaio Felix Magno.<\/li>\n\n\n\n<li>\u200b<strong>Longevidade:<\/strong> Recentemente, o treinador renovou seu contrato at\u00e9 o final de <strong>2027<\/strong>, refor\u00e7ando o projeto de longo prazo da gest\u00e3o Leila Pereira.<\/li>\n\n\n\n<li>\u200b<strong>Resili\u00eancia:<\/strong> Em coletiva ap\u00f3s o t\u00edtulo, Abel destacou o aprendizado com os trope\u00e7os de 2025: <em>&#8220;Campe\u00e3o \u00e9 quem cai e levanta mais vezes&#8221;<\/em>.<\/li>\n<\/ul>\n\n\n\n<p class=\"wp-block-paragraph\">\u200bA partida contra o Novorizontino tamb\u00e9m marcou o primeiro t\u00edtulo de <strong>Vitor Roque<\/strong> com a camisa alviverde, sendo ele um dos destaques da campanha que devolveu o Palmeiras ao topo do estado.<\/p>\n\n\n\n<blockquote class=\"wp-block-quote is-layout-flow wp-block-quote-is-layout-flow\">\n<p class=\"wp-block-paragraph\">\u200b&#8221;N\u00e3o prometo t\u00edtulos, prometo trabalho. Este recorde \u00e9 fruto de um &#8216;n\u00f3s&#8217; muito forte entre comiss\u00e3o, jogadores e torcida.&#8221; \u2014 <strong>Abel Ferreira<\/strong>, em celebra\u00e7\u00e3o no gramado.<\/p>\n<\/blockquote>\n\n\n\n<p class=\"wp-block-paragraph\">\u200bO pr\u00f3ximo desafio do Verd\u00e3o j\u00e1 tem data marcada: a estreia no <strong>Campeonato Brasileiro 2026<\/strong> contra o Vasco, em S\u00e3o Janu\u00e1rio, nesta quinta-feira (12).<\/p>\n","protected":false},"excerpt":{"rendered":"<p>O t\u00e9cnico Abel Ferreira escreveu mais um cap\u00edtulo definitivo em sua trajet\u00f3ria no futebol brasileiro. Com a conquista do Campeonato Paulista de 2026 neste domingo [&#8230;]<\/p>\n","protected":false},"author":1,"featured_media":5404,"comment_status":"open","ping_status":"open","sticky":false,"template":"","format":"standard","meta":{"_crdt_document":"","_jetpack_memberships_contains_paid_content":false,"footnotes":"","jetpack_publicize_message":"","jetpack_publicize_feature_enabled":true,"jetpack_social_post_already_shared":true,"jetpack_social_options":{"image_generator_settings":{"template":"highway","default_image_id":0,"font":"","enabled":false},"version":2}},"categories":[12],"tags":[],"class_list":["post-5403","post","type-post","status-publish","format-standard","has-post-thumbnail","hentry","category-esporte"],"jetpack_publicize_connections":[],"jetpack_featured_media_url":"https:\/\/i0.wp.com\/oexpressobr.com.br\/wp-content\/uploads\/2026\/03\/af820260308073-vbmyzoe2rqk2.jpg?fit=1000%2C666&ssl=1","jetpack_likes_enabled":true,"jetpack_sharing_enabled":true,"_links":{"self":[{"href":"https:\/\/oexpressobr.com.br\/index.php?rest_route=\/wp\/v2\/posts\/5403","targetHints":{"allow":["GET"]}}],"collection":[{"href":"https:\/\/oexpressobr.com.br\/index.php?rest_route=\/wp\/v2\/posts"}],"about":[{"href":"https:\/\/oexpressobr.com.br\/index.php?rest_route=\/wp\/v2\/types\/post"}],"author":[{"embeddable":true,"href":"https:\/\/oexpressobr.com.br\/index.php?rest_route=\/wp\/v2\/users\/1"}],"replies":[{"embeddable":true,"href":"https:\/\/oexpressobr.com.br\/index.php?rest_route=%2Fwp%2Fv2%2Fcomments&post=5403"}],"version-history":[{"count":1,"href":"https:\/\/oexpressobr.com.br\/index.php?rest_route=\/wp\/v2\/posts\/5403\/revisions"}],"predecessor-version":[{"id":5405,"href":"https:\/\/oexpressobr.com.br\/index.php?rest_route=\/wp\/v2\/posts\/5403\/revisions\/5405"}],"wp:featuredmedia":[{"embeddable":true,"href":"https:\/\/oexpressobr.com.br\/index.php?rest_route=\/wp\/v2\/media\/5404"}],"wp:attachment":[{"href":"https:\/\/oexpressobr.com.br\/index.php?rest_route=%2Fwp%2Fv2%2Fmedia&parent=5403"}],"wp:term":[{"taxonomy":"category","embeddable":true,"href":"https:\/\/oexpressobr.com.br\/index.php?rest_route=%2Fwp%2Fv2%2Fcategories&post=5403"},{"taxonomy":"post_tag","embeddable":true,"href":"https:\/\/oexpressobr.com.br\/index.php?rest_route=%2Fwp%2Fv2%2Ftags&post=5403"}],"curies":[{"name":"wp","href":"https:\/\/api.w.org\/{rel}","templated":true}]}}