{"id":5410,"date":"2026-03-09T04:58:29","date_gmt":"2026-03-09T07:58:29","guid":{"rendered":"https:\/\/oexpressobr.com.br\/?p=5410"},"modified":"2026-03-09T04:58:38","modified_gmt":"2026-03-09T07:58:38","slug":"justica-investiga-suposta-improbidade-administrativa-em-contrato-de-videomonitoramento-na-prefeitura-de-morretes","status":"publish","type":"post","link":"https:\/\/oexpressobr.com.br\/?p=5410","title":{"rendered":"Justi\u00e7a investiga suposta improbidade administrativa em contrato de videomonitoramento na Prefeitura de Morretes"},"content":{"rendered":"\n<p class=\"wp-block-paragraph\">Uma a\u00e7\u00e3o civil p\u00fablica movida pelo Minist\u00e9rio P\u00fablico do Paran\u00e1 (MPPR) coloca sob suspeita a gest\u00e3o de recursos p\u00fablicos na <strong>Prefeitura de Morretes<\/strong>, no litoral do estado. O foco da investiga\u00e7\u00e3o \u00e9 um contrato de videomonitoramento que teria gerado pagamentos irregulares ap\u00f3s o seu encerramento formal, configurando poss\u00edvel preju\u00edzo ao er\u00e1rio e atos de improbidade administrativa.<\/p>\n\n\n\n<h3 class=\"wp-block-heading\">\u200bO cerne da den\u00fancia<\/h3>\n\n\n\n<p class=\"wp-block-paragraph\">\u200bDe acordo com os autos do processo, o contrato de presta\u00e7\u00e3o de servi\u00e7os de monitoramento por c\u00e2meras expirou oficialmente em <strong>janeiro de 2024<\/strong>. No entanto, a investiga\u00e7\u00e3o aponta que o munic\u00edpio continuou a realizar repasses financeiros \u00e0 empresa contratada sem o devido respaldo contratual ou aditivo legal.<\/p>\n\n\n\n<p class=\"wp-block-paragraph\">\u200bO montante estimado do preju\u00edzo aos cofres p\u00fablicos gira em torno de <strong>R$ 587 mil<\/strong>. O Minist\u00e9rio P\u00fablico sustenta que a manuten\u00e7\u00e3o desses pagamentos, sem a cobertura de um contrato vigente, fere os princ\u00edpios da legalidade e da efici\u00eancia que regem a administra\u00e7\u00e3o p\u00fablica.<\/p>\n\n\n\n<h3 class=\"wp-block-heading\">\u200bRepercuss\u00e3o e desdobramentos judiciais<\/h3>\n\n\n\n<p class=\"wp-block-paragraph\">\u200bO caso tem provocado forte debate na C\u00e2mara de Vereadores e entre a popula\u00e7\u00e3o local, dada a relev\u00e2ncia do servi\u00e7o de seguran\u00e7a p\u00fablica e o vulto dos valores envolvidos. A decis\u00e3o judicial recente busca esclarecer se houve dolo ou neglig\u00eancia por parte dos gestores respons\u00e1veis pela autoriza\u00e7\u00e3o dos pagamentos.<\/p>\n\n\n\n<ul class=\"wp-block-list\">\n<li>\u200b<strong>Bloqueio de Bens:<\/strong> Em casos an\u00e1logos de improbidade, o MP costuma pleitear a indisponibilidade de bens dos envolvidos para garantir o ressarcimento futuro ao tesouro municipal.<\/li>\n\n\n\n<li>\u200b<strong>Defesa:<\/strong> At\u00e9 o momento, a administra\u00e7\u00e3o municipal tem mantido a postura de que os servi\u00e7os eram essenciais e n\u00e3o poderiam sofrer interrup\u00e7\u00e3o abrupta, mas a aus\u00eancia de nova licita\u00e7\u00e3o ou renova\u00e7\u00e3o tempestiva \u00e9 o ponto central do questionamento jur\u00eddico.<\/li>\n<\/ul>\n\n\n\n<h3 class=\"wp-block-heading\">\u200bContexto local<\/h3>\n\n\n\n<p class=\"wp-block-paragraph\">\u200bMorretes tem passado por uma fase de intensifica\u00e7\u00e3o na fiscaliza\u00e7\u00e3o de contratos p\u00fablicos. Este processo de videomonitoramento \u00e9 visto por opositores e \u00f3rg\u00e3os de controle como um teste para a transpar\u00eancia da atual gest\u00e3o, especialmente no que diz respeito ao cumprimento da Lei de Licita\u00e7\u00f5es (Lei 14.133\/2021).<\/p>\n\n\n\n<blockquote class=\"wp-block-quote is-layout-flow wp-block-quote-is-layout-flow\">\n<p class=\"wp-block-paragraph\">\u200b<strong>Nota da Reda\u00e7\u00e3o:<\/strong> O espa\u00e7o segue aberto para que a Prefeitura de Morretes e os demais citados no documento encaminhado apresentem suas vers\u00f5es oficiais sobre os fatos narrados na a\u00e7\u00e3o do Minist\u00e9rio P\u00fablico.<\/p>\n<\/blockquote>\n\n\n<!-- PDF Embedder: Please provide an \"URL\" attribute in your shortcode. -->","protected":false},"excerpt":{"rendered":"<p>Uma a\u00e7\u00e3o civil p\u00fablica movida pelo Minist\u00e9rio P\u00fablico do Paran\u00e1 (MPPR) coloca sob suspeita a gest\u00e3o de recursos p\u00fablicos na Prefeitura de Morretes, no litoral [&#8230;]<\/p>\n","protected":false},"author":1,"featured_media":5412,"comment_status":"open","ping_status":"open","sticky":false,"template":"","format":"standard","meta":{"_crdt_document":"","_jetpack_memberships_contains_paid_content":false,"footnotes":"","jetpack_publicize_message":"","jetpack_publicize_feature_enabled":true,"jetpack_social_post_already_shared":true,"jetpack_social_options":{"image_generator_settings":{"template":"highway","default_image_id":0,"font":"","enabled":false},"version":2}},"categories":[1,5],"tags":[],"class_list":["post-5410","post","type-post","status-publish","format-standard","has-post-thumbnail","hentry","category-geral","category-parana"],"jetpack_publicize_connections":[],"jetpack_featured_media_url":"https:\/\/i0.wp.com\/oexpressobr.com.br\/wp-content\/uploads\/2026\/03\/Screenshot_20260309_045457_All-PDF-Reader-1.jpg?fit=1080%2C2340&ssl=1","jetpack_likes_enabled":true,"jetpack_sharing_enabled":true,"_links":{"self":[{"href":"https:\/\/oexpressobr.com.br\/index.php?rest_route=\/wp\/v2\/posts\/5410","targetHints":{"allow":["GET"]}}],"collection":[{"href":"https:\/\/oexpressobr.com.br\/index.php?rest_route=\/wp\/v2\/posts"}],"about":[{"href":"https:\/\/oexpressobr.com.br\/index.php?rest_route=\/wp\/v2\/types\/post"}],"author":[{"embeddable":true,"href":"https:\/\/oexpressobr.com.br\/index.php?rest_route=\/wp\/v2\/users\/1"}],"replies":[{"embeddable":true,"href":"https:\/\/oexpressobr.com.br\/index.php?rest_route=%2Fwp%2Fv2%2Fcomments&post=5410"}],"version-history":[{"count":1,"href":"https:\/\/oexpressobr.com.br\/index.php?rest_route=\/wp\/v2\/posts\/5410\/revisions"}],"predecessor-version":[{"id":5413,"href":"https:\/\/oexpressobr.com.br\/index.php?rest_route=\/wp\/v2\/posts\/5410\/revisions\/5413"}],"wp:featuredmedia":[{"embeddable":true,"href":"https:\/\/oexpressobr.com.br\/index.php?rest_route=\/wp\/v2\/media\/5412"}],"wp:attachment":[{"href":"https:\/\/oexpressobr.com.br\/index.php?rest_route=%2Fwp%2Fv2%2Fmedia&parent=5410"}],"wp:term":[{"taxonomy":"category","embeddable":true,"href":"https:\/\/oexpressobr.com.br\/index.php?rest_route=%2Fwp%2Fv2%2Fcategories&post=5410"},{"taxonomy":"post_tag","embeddable":true,"href":"https:\/\/oexpressobr.com.br\/index.php?rest_route=%2Fwp%2Fv2%2Ftags&post=5410"}],"curies":[{"name":"wp","href":"https:\/\/api.w.org\/{rel}","templated":true}]}}