{"id":543,"date":"2025-12-10T04:52:08","date_gmt":"2025-12-10T07:52:08","guid":{"rendered":"https:\/\/oexpressobr.com.br\/?p=543"},"modified":"2025-12-10T04:52:09","modified_gmt":"2025-12-10T07:52:09","slug":"arrependimento-de-voto-em-lula-datafolha-aponta-que-eleitor-do-sul-e-com-menor-renda-lidera-insatisfacao","status":"publish","type":"post","link":"https:\/\/oexpressobr.com.br\/?p=543","title":{"rendered":"Arrependimento de voto em Lula: Datafolha aponta que eleitor do Sul e com menor renda lidera insatisfa\u00e7\u00e3o"},"content":{"rendered":"\n<p class=\"wp-block-paragraph\">A mais recente pesquisa <strong>Datafolha<\/strong>, divulgada nesta segunda-feira (9), indica uma forte convic\u00e7\u00e3o do eleitorado brasileiro em rela\u00e7\u00e3o ao voto dado no segundo turno das elei\u00e7\u00f5es presidenciais de 2022. O levantamento revela que a maioria esmagadora, <strong>91% dos entrevistados<\/strong>, afirma n\u00e3o se arrepender da escolha feita, seja pelo presidente Luiz In\u00e1cio Lula da Silva (PT) ou pelo ex-presidente Jair Bolsonaro (PL).<\/p>\n\n\n\n<p class=\"wp-block-paragraph\">\u200bEntretanto, ao analisar os subgrupos, a pesquisa detalha <strong>qual eleitor mais se arrepende de ter votado em Lula<\/strong>. O estudo, que ouviu 2.002 pessoas em 113 munic\u00edpios entre 2 e 4 de dezembro, mostra varia\u00e7\u00f5es regionais e socioecon\u00f4micas no sentimento de insatisfa\u00e7\u00e3o.<\/p>\n\n\n\n<h3 class=\"wp-block-heading\">\u200bEleitor do Sul e de baixa renda entre os mais arrependidos<\/h3>\n\n\n\n<p class=\"wp-block-paragraph\">\u200bNo caso espec\u00edfico do eleitorado de Lula, <strong>9%<\/strong> se declararam arrependidos do voto, segundo dados do instituto de pesquisa. Embora a taxa de n\u00e3o arrependidos seja alta (<strong>90%<\/strong>), o Datafolha identificou onde a insatisfa\u00e7\u00e3o \u00e9 mais acentuada:<\/p>\n\n\n\n<ul class=\"wp-block-list\">\n<li>\u200b<strong>Regi\u00e3o Sul:<\/strong> A regi\u00e3o aparece como o foco de maior propor\u00e7\u00e3o de arrependidos do voto para presidente, atingindo <strong>11%<\/strong> do total. Embora a pesquisa n\u00e3o separe o arrependimento por candidato nesta m\u00e9trica regional, outras an\u00e1lises apontam a insatisfa\u00e7\u00e3o regional como um term\u00f4metro.<\/li>\n\n\n\n<li>\u200b<strong>Renda Familiar:<\/strong> Entre os eleitores com renda familiar de <strong>at\u00e9 dois sal\u00e1rios m\u00ednimos<\/strong>, a taxa de arrependimento atinge cerca de <strong>10%<\/strong>. Este grupo representa uma fatia importante da base que elegeu Lula e sinaliza um leve descontentamento.<\/li>\n<\/ul>\n\n\n\n<p class=\"wp-block-paragraph\">\u200bEm contrapartida, a sensa\u00e7\u00e3o de acerto \u00e9 ainda maior entre os que recebem de cinco a dez sal\u00e1rios m\u00ednimos, onde <strong>94%<\/strong> afirmam n\u00e3o se arrepender do voto de 2022. Para os eleitores que j\u00e1 sinalizam a inten\u00e7\u00e3o de votar em Lula novamente em 2026, a convic\u00e7\u00e3o \u00e9 quase total, chegando a <strong>95%<\/strong> de n\u00e3o arrependidos.<\/p>\n\n\n\n<p class=\"wp-block-paragraph\">\u200bA pesquisa Datafolha refor\u00e7a a intensa polariza\u00e7\u00e3o pol\u00edtica nacional, onde, apesar das varia\u00e7\u00f5es na avalia\u00e7\u00e3o do governo e em pontos espec\u00edficos de insatisfa\u00e7\u00e3o, a lealdade ao voto de 2022 segue bastante est\u00e1vel, tanto para eleitores de Lula quanto de Bolsonaro. A margem de erro do levantamento \u00e9 de dois pontos percentuais para mais ou para menos.<\/p>\n","protected":false},"excerpt":{"rendered":"<p>A mais recente pesquisa Datafolha, divulgada nesta segunda-feira (9), indica uma forte convic\u00e7\u00e3o do eleitorado brasileiro em rela\u00e7\u00e3o ao voto dado no segundo turno das [&#8230;]<\/p>\n","protected":false},"author":1,"featured_media":544,"comment_status":"open","ping_status":"open","sticky":false,"template":"","format":"standard","meta":{"_crdt_document":"","_jetpack_memberships_contains_paid_content":false,"footnotes":"","jetpack_publicize_message":"","jetpack_publicize_feature_enabled":true,"jetpack_social_post_already_shared":false,"jetpack_social_options":{"image_generator_settings":{"template":"highway","default_image_id":0,"font":"","enabled":false},"version":2}},"categories":[7],"tags":[],"class_list":["post-543","post","type-post","status-publish","format-standard","has-post-thumbnail","hentry","category-politica"],"jetpack_publicize_connections":[],"jetpack_featured_media_url":"https:\/\/i0.wp.com\/oexpressobr.com.br\/wp-content\/uploads\/2025\/12\/Lula-x-Bolsonaro.jpg?fit=414%2C280&ssl=1","jetpack_likes_enabled":true,"jetpack_sharing_enabled":true,"_links":{"self":[{"href":"https:\/\/oexpressobr.com.br\/index.php?rest_route=\/wp\/v2\/posts\/543","targetHints":{"allow":["GET"]}}],"collection":[{"href":"https:\/\/oexpressobr.com.br\/index.php?rest_route=\/wp\/v2\/posts"}],"about":[{"href":"https:\/\/oexpressobr.com.br\/index.php?rest_route=\/wp\/v2\/types\/post"}],"author":[{"embeddable":true,"href":"https:\/\/oexpressobr.com.br\/index.php?rest_route=\/wp\/v2\/users\/1"}],"replies":[{"embeddable":true,"href":"https:\/\/oexpressobr.com.br\/index.php?rest_route=%2Fwp%2Fv2%2Fcomments&post=543"}],"version-history":[{"count":0,"href":"https:\/\/oexpressobr.com.br\/index.php?rest_route=\/wp\/v2\/posts\/543\/revisions"}],"wp:featuredmedia":[{"embeddable":true,"href":"https:\/\/oexpressobr.com.br\/index.php?rest_route=\/wp\/v2\/media\/544"}],"wp:attachment":[{"href":"https:\/\/oexpressobr.com.br\/index.php?rest_route=%2Fwp%2Fv2%2Fmedia&parent=543"}],"wp:term":[{"taxonomy":"category","embeddable":true,"href":"https:\/\/oexpressobr.com.br\/index.php?rest_route=%2Fwp%2Fv2%2Fcategories&post=543"},{"taxonomy":"post_tag","embeddable":true,"href":"https:\/\/oexpressobr.com.br\/index.php?rest_route=%2Fwp%2Fv2%2Ftags&post=543"}],"curies":[{"name":"wp","href":"https:\/\/api.w.org\/{rel}","templated":true}]}}