{"id":5433,"date":"2026-03-09T10:56:37","date_gmt":"2026-03-09T13:56:37","guid":{"rendered":"https:\/\/oexpressobr.com.br\/?p=5433"},"modified":"2026-03-09T10:56:46","modified_gmt":"2026-03-09T13:56:46","slug":"justica-investiga-agencia-por-recrutar-cabos-eleitorais-para-ricardo-nunes","status":"publish","type":"post","link":"https:\/\/oexpressobr.com.br\/?p=5433","title":{"rendered":"Justi\u00e7a investiga ag\u00eancia por recrutar cabos eleitorais para Ricardo Nunes"},"content":{"rendered":"\n<p class=\"wp-block-paragraph\"><strong>S\u00e3o Paulo<\/strong> \u2013 O Minist\u00e9rio P\u00fablico Eleitoral (MPE) e \u00f3rg\u00e3os de fiscaliza\u00e7\u00e3o de S\u00e3o Paulo intensificaram as investiga\u00e7\u00f5es sobre uma ag\u00eancia de publicidade suspeita de irregularidades na contrata\u00e7\u00e3o de pessoal para a campanha do prefeito Ricardo Nunes (MDB). O foco da apura\u00e7\u00e3o \u00e9 o recrutamento e o pagamento de cabos eleitorais por meio de estruturas que podem configurar uso indevido da m\u00e1quina p\u00fablica ou omiss\u00e3o de gastos eleitorais (o chamado &#8220;caixa dois&#8221;).<\/p>\n\n\n\n<p class=\"wp-block-paragraph\">\u200bDe acordo com den\u00fancias que fundamentam o inqu\u00e9rito, a ag\u00eancia \u2014 que j\u00e1 possui contratos com a administra\u00e7\u00e3o municipal \u2014 teria sido utilizada para arregimentar militantes de rua e influenciadores digitais, efetuando pagamentos que n\u00e3o apareceriam de forma transparente nas contas oficiais de campanha. O caso levanta suspeitas de que recursos p\u00fablicos destinados \u00e0 publicidade institucional da prefeitura possam ter sido desviados para financiar atividades de promo\u00e7\u00e3o pol\u00edtica pessoal e eleitoral.<\/p>\n\n\n\n<p class=\"wp-block-paragraph\">\u200bNovidades e desdobramentos recentes<\/p>\n\n\n\n<p class=\"wp-block-paragraph\">\u200bAs investiga\u00e7\u00f5es ganharam corpo ap\u00f3s o Tribunal de Contas do Munic\u00edpio (TCM) e o Minist\u00e9rio P\u00fablico de S\u00e3o Paulo (MP-SP) identificarem um aumento at\u00edpico nos repasses para ag\u00eancias de comunica\u00e7\u00e3o nos meses que antecederam o per\u00edodo eleitoral. Entre as atualiza\u00e7\u00f5es mais recentes sobre o tema, destacam-se:<\/p>\n\n\n\n<ul class=\"wp-block-list\">\n<li>\u200b<strong>O &#8220;Midial\u00e3o&#8221; de Nunes:<\/strong> Reportagens investigativas e den\u00fancias de parlamentares da oposi\u00e7\u00e3o apontam que cerca de <strong>R$ 16,5 milh\u00f5es<\/strong> foram destinados a jornais de bairro e ve\u00edculos de comunica\u00e7\u00e3o hiperlocais. Muitos desses ve\u00edculos, segundo o Minist\u00e9rio P\u00fablico, funcionariam como &#8220;bra\u00e7os&#8221; da ag\u00eancia investigada para publicar conte\u00fados elogiosos ao prefeito, simulando jornalismo independente para esconder propaganda pol\u00edtica paga com dinheiro p\u00fablico.<\/li>\n\n\n\n<li>\u200b<strong>Contratos Emergenciais sob Suspeita:<\/strong> O Minist\u00e9rio P\u00fablico tamb\u00e9m identificou ind\u00edcios de fraude em 23 contratos emergenciais da gest\u00e3o Nunes, totalizando mais de <strong>R$ 42 milh\u00f5es<\/strong>. Investigadores buscam conex\u00f5es entre as empresas beneficiadas por esses contratos e o financiamento da estrutura de cabos eleitorais que atuam na defesa da imagem do prefeito nas periferias de S\u00e3o Paulo.<\/li>\n\n\n\n<li>\u200b<strong>Cruzamento de Dados:<\/strong> A Justi\u00e7a Eleitoral solicitou a quebra de sigilo banc\u00e1rio de subcontratadas da ag\u00eancia para verificar se os valores recebidos da prefeitura coincidem com os pagamentos efetuados a pessoas f\u00edsicas que atuaram na distribui\u00e7\u00e3o de panfletos e mobiliza\u00e7\u00e3o de redes sociais.<\/li>\n<\/ul>\n\n\n\n<p class=\"wp-block-paragraph\">\u200bO outro lado<\/p>\n\n\n\n<p class=\"wp-block-paragraph\">\u200bEm nota, a assessoria de Ricardo Nunes e os representantes da ag\u00eancia negam qualquer irregularidade. A defesa do prefeito afirma que todos os gastos de campanha s\u00e3o declarados ao Tribunal Superior Eleitoral (TSE) e que as contrata\u00e7\u00f5es da prefeitura seguem estritamente a Lei de Licita\u00e7\u00f5es. Segundo o governo municipal, o aumento nos gastos com publicidade se justifica pela necessidade de informar a popula\u00e7\u00e3o sobre obras e servi\u00e7os p\u00fablicos, sem fins eleitorais.<\/p>\n\n\n\n<p class=\"wp-block-paragraph\">\u200bO desfecho do caso pode resultar em multas pesadas, cassa\u00e7\u00e3o de registro de candidatura ou, em casos mais graves, na inelegibilidade dos envolvidos por abuso de poder econ\u00f4mico e pol\u00edtico. O processo segue em segredo de justi\u00e7a em algumas de suas frentes de investiga\u00e7\u00e3o.<\/p>\n","protected":false},"excerpt":{"rendered":"<p>S\u00e3o Paulo \u2013 O Minist\u00e9rio P\u00fablico Eleitoral (MPE) e \u00f3rg\u00e3os de fiscaliza\u00e7\u00e3o de S\u00e3o Paulo intensificaram as investiga\u00e7\u00f5es sobre uma ag\u00eancia de publicidade suspeita de [&#8230;]<\/p>\n","protected":false},"author":1,"featured_media":5434,"comment_status":"open","ping_status":"open","sticky":false,"template":"","format":"standard","meta":{"_crdt_document":"","_jetpack_memberships_contains_paid_content":false,"footnotes":"","jetpack_publicize_message":"","jetpack_publicize_feature_enabled":true,"jetpack_social_post_already_shared":true,"jetpack_social_options":{"image_generator_settings":{"template":"highway","default_image_id":0,"font":"","enabled":false},"version":2}},"categories":[46],"tags":[],"class_list":["post-5433","post","type-post","status-publish","format-standard","has-post-thumbnail","hentry","category-cidades"],"jetpack_publicize_connections":[],"jetpack_featured_media_url":"https:\/\/i0.wp.com\/oexpressobr.com.br\/wp-content\/uploads\/2026\/03\/cabos-eleitorais-quarter-campanha-nunes.webp?fit=900%2C600&ssl=1","jetpack_likes_enabled":true,"jetpack_sharing_enabled":true,"_links":{"self":[{"href":"https:\/\/oexpressobr.com.br\/index.php?rest_route=\/wp\/v2\/posts\/5433","targetHints":{"allow":["GET"]}}],"collection":[{"href":"https:\/\/oexpressobr.com.br\/index.php?rest_route=\/wp\/v2\/posts"}],"about":[{"href":"https:\/\/oexpressobr.com.br\/index.php?rest_route=\/wp\/v2\/types\/post"}],"author":[{"embeddable":true,"href":"https:\/\/oexpressobr.com.br\/index.php?rest_route=\/wp\/v2\/users\/1"}],"replies":[{"embeddable":true,"href":"https:\/\/oexpressobr.com.br\/index.php?rest_route=%2Fwp%2Fv2%2Fcomments&post=5433"}],"version-history":[{"count":1,"href":"https:\/\/oexpressobr.com.br\/index.php?rest_route=\/wp\/v2\/posts\/5433\/revisions"}],"predecessor-version":[{"id":5435,"href":"https:\/\/oexpressobr.com.br\/index.php?rest_route=\/wp\/v2\/posts\/5433\/revisions\/5435"}],"wp:featuredmedia":[{"embeddable":true,"href":"https:\/\/oexpressobr.com.br\/index.php?rest_route=\/wp\/v2\/media\/5434"}],"wp:attachment":[{"href":"https:\/\/oexpressobr.com.br\/index.php?rest_route=%2Fwp%2Fv2%2Fmedia&parent=5433"}],"wp:term":[{"taxonomy":"category","embeddable":true,"href":"https:\/\/oexpressobr.com.br\/index.php?rest_route=%2Fwp%2Fv2%2Fcategories&post=5433"},{"taxonomy":"post_tag","embeddable":true,"href":"https:\/\/oexpressobr.com.br\/index.php?rest_route=%2Fwp%2Fv2%2Ftags&post=5433"}],"curies":[{"name":"wp","href":"https:\/\/api.w.org\/{rel}","templated":true}]}}