{"id":5436,"date":"2026-03-09T11:06:36","date_gmt":"2026-03-09T14:06:36","guid":{"rendered":"https:\/\/oexpressobr.com.br\/?p=5436"},"modified":"2026-03-09T11:06:45","modified_gmt":"2026-03-09T14:06:45","slug":"hospede-e-preso-apos-agredir-e-tentar-estuprar-recepcionista-em-hotel-de-curitiba","status":"publish","type":"post","link":"https:\/\/oexpressobr.com.br\/?p=5436","title":{"rendered":"H\u00f3spede \u00e9 preso ap\u00f3s agredir e tentar estuprar recepcionista em hotel de Curitiba"},"content":{"rendered":"\n<p class=\"wp-block-paragraph\">\u200bA Pol\u00edcia Civil do Paran\u00e1 investiga o violento ataque contra uma recepcionista de 55 anos, ocorrido no \u00faltimo s\u00e1bado (7), em um hotel na regi\u00e3o central de Curitiba. Imagens do sistema de monitoramento interno, que j\u00e1 est\u00e3o em posse das autoridades, mostram o momento em que o h\u00f3spede persegue a funcion\u00e1ria at\u00e9 uma \u00e1rea restrita, onde as agress\u00f5es tiveram in\u00edcio.<\/p>\n\n\n\n<h3 class=\"wp-block-heading\">\u200bDetalhes do ataque e o depoimento da v\u00edtima<\/h3>\n\n\n\n<p class=\"wp-block-paragraph\">\u200bEm depoimento contundente, a v\u00edtima relatou que o agressor n\u00e3o buscava apenas feri-la, mas que houve uma <strong>tentativa clara de estupro<\/strong>. Segundo o relato:<\/p>\n\n\n\n<ul class=\"wp-block-list\">\n<li>\u200b<strong>A abordagem:<\/strong> O homem teria atra\u00eddo a funcion\u00e1ria para um c\u00f4modo isolado sob um falso pretexto.<\/li>\n\n\n\n<li>\u200b<strong>A agress\u00e3o:<\/strong> As c\u00e2meras registraram o suspeito desferindo golpes e tentando imobilizar a mulher.<\/li>\n\n\n\n<li>\u200b<strong>A resist\u00eancia:<\/strong> A recepcionista conseguiu gritar e lutar, o que acabou chamando a aten\u00e7\u00e3o e interrompendo a a\u00e7\u00e3o criminosa antes que o pior acontecesse.<\/li>\n<\/ul>\n\n\n\n<h3 class=\"wp-block-heading\">\u200bDesdobramentos jur\u00eddicos e seguran\u00e7a<\/h3>\n\n\n\n<p class=\"wp-block-paragraph\">\u200bO suspeito foi detido e o caso foi encaminhado para a <strong>Delegacia da Mulher<\/strong>. O hotel informou, por meio de nota, que est\u00e1 prestando todo o suporte psicol\u00f3gico e jur\u00eddico \u00e0 funcion\u00e1ria, al\u00e9m de ter banido o agressor de suas depend\u00eancias e colaborado integralmente com o fornecimento das imagens de seguran\u00e7a.<\/p>\n\n\n\n<blockquote class=\"wp-block-quote is-layout-flow wp-block-quote-is-layout-flow\">\n<p class=\"wp-block-paragraph\">\u200b&#8221;Foi um momento de terror. Eu s\u00f3 pensava em sobreviver&#8221;, declarou a funcion\u00e1ria em entrevista a ve\u00edculos locais, ainda visivelmente abalada.<\/p>\n<\/blockquote>\n\n\n\n<h3 class=\"wp-block-heading\">\u200bO que diz a investiga\u00e7\u00e3o<\/h3>\n\n\n\n<p class=\"wp-block-paragraph\">\u200bA pol\u00edcia agora trabalha para identificar se o agressor possui hist\u00f3rico de crimes semelhantes em outras cidades ou estados. O delegado respons\u00e1vel pelo caso solicitou a convers\u00e3o da pris\u00e3o em flagrante para <strong>pris\u00e3o preventiva<\/strong>, visando garantir a ordem p\u00fablica e a seguran\u00e7a da v\u00edtima durante o processo.<\/p>\n\n\n\n<p class=\"wp-block-paragraph\">\u200bA defesa do acusado ainda n\u00e3o se manifestou publicamente sobre o teor das imagens. O espa\u00e7o segue aberto para o contraponto.<\/p>\n","protected":false},"excerpt":{"rendered":"<p>\u200bA Pol\u00edcia Civil do Paran\u00e1 investiga o violento ataque contra uma recepcionista de 55 anos, ocorrido no \u00faltimo s\u00e1bado (7), em um hotel na regi\u00e3o [&#8230;]<\/p>\n","protected":false},"author":1,"featured_media":5437,"comment_status":"open","ping_status":"open","sticky":false,"template":"","format":"standard","meta":{"_crdt_document":"","_jetpack_memberships_contains_paid_content":false,"footnotes":"","jetpack_publicize_message":"","jetpack_publicize_feature_enabled":true,"jetpack_social_post_already_shared":true,"jetpack_social_options":{"image_generator_settings":{"template":"highway","default_image_id":0,"font":"","enabled":false},"version":2}},"categories":[9],"tags":[],"class_list":["post-5436","post","type-post","status-publish","format-standard","has-post-thumbnail","hentry","category-policia"],"jetpack_publicize_connections":[],"jetpack_featured_media_url":"https:\/\/i0.wp.com\/oexpressobr.com.br\/wp-content\/uploads\/2026\/03\/agressao-hotel-1-.jpeg?fit=984%2C659&ssl=1","jetpack_likes_enabled":true,"jetpack_sharing_enabled":true,"_links":{"self":[{"href":"https:\/\/oexpressobr.com.br\/index.php?rest_route=\/wp\/v2\/posts\/5436","targetHints":{"allow":["GET"]}}],"collection":[{"href":"https:\/\/oexpressobr.com.br\/index.php?rest_route=\/wp\/v2\/posts"}],"about":[{"href":"https:\/\/oexpressobr.com.br\/index.php?rest_route=\/wp\/v2\/types\/post"}],"author":[{"embeddable":true,"href":"https:\/\/oexpressobr.com.br\/index.php?rest_route=\/wp\/v2\/users\/1"}],"replies":[{"embeddable":true,"href":"https:\/\/oexpressobr.com.br\/index.php?rest_route=%2Fwp%2Fv2%2Fcomments&post=5436"}],"version-history":[{"count":1,"href":"https:\/\/oexpressobr.com.br\/index.php?rest_route=\/wp\/v2\/posts\/5436\/revisions"}],"predecessor-version":[{"id":5438,"href":"https:\/\/oexpressobr.com.br\/index.php?rest_route=\/wp\/v2\/posts\/5436\/revisions\/5438"}],"wp:featuredmedia":[{"embeddable":true,"href":"https:\/\/oexpressobr.com.br\/index.php?rest_route=\/wp\/v2\/media\/5437"}],"wp:attachment":[{"href":"https:\/\/oexpressobr.com.br\/index.php?rest_route=%2Fwp%2Fv2%2Fmedia&parent=5436"}],"wp:term":[{"taxonomy":"category","embeddable":true,"href":"https:\/\/oexpressobr.com.br\/index.php?rest_route=%2Fwp%2Fv2%2Fcategories&post=5436"},{"taxonomy":"post_tag","embeddable":true,"href":"https:\/\/oexpressobr.com.br\/index.php?rest_route=%2Fwp%2Fv2%2Ftags&post=5436"}],"curies":[{"name":"wp","href":"https:\/\/api.w.org\/{rel}","templated":true}]}}