{"id":5439,"date":"2026-03-09T16:22:43","date_gmt":"2026-03-09T19:22:43","guid":{"rendered":"https:\/\/oexpressobr.com.br\/?p=5439"},"modified":"2026-03-09T16:22:53","modified_gmt":"2026-03-09T19:22:53","slug":"haddad-deixara-ministerio-da-fazenda-para-disputar-o-governo-de-sao-paulo","status":"publish","type":"post","link":"https:\/\/oexpressobr.com.br\/?p=5439","title":{"rendered":"Haddad deixar\u00e1 Minist\u00e9rio da Fazenda para disputar o governo de S\u00e3o Paulo"},"content":{"rendered":"\n<p class=\"wp-block-paragraph\">\u200bO cen\u00e1rio pol\u00edtico brasileiro sofreu uma importante movimenta\u00e7\u00e3o nesta segunda-feira, 9 de mar\u00e7o de 2026. O ministro da Fazenda, <strong>Fernando Haddad<\/strong>, confirmou que deixar\u00e1 o comando da equipe econ\u00f4mica na pr\u00f3xima semana. O objetivo central do desembarque \u00e9 a disputa pelo <strong>Governo de S\u00e3o Paulo<\/strong> nas elei\u00e7\u00f5es de outubro, atendendo a um pedido estrat\u00e9gico do presidente <strong>Luiz In\u00e1cio Lula da Silva<\/strong>.<\/p>\n\n\n\n<p class=\"wp-block-paragraph\">\u200bA decis\u00e3o, antecipada pelo jornal <em>O Globo<\/em> e confirmada por outros ve\u00edculos, marca o fim de uma gest\u00e3o de pouco mais de tr\u00eas anos \u00e0 frente da economia nacional. Haddad, que inicialmente manifestava o desejo de apenas coordenar a campanha de reelei\u00e7\u00e3o de Lula, foi convencido pelo Pal\u00e1cio do Planalto de que sua candidatura em S\u00e3o Paulo \u00e9 vital para garantir um palanque forte no maior col\u00e9gio eleitoral do pa\u00eds.<\/p>\n\n\n\n<h3 class=\"wp-block-heading\">\u200bO sucessor e a transi\u00e7\u00e3o na Fazenda<\/h3>\n\n\n\n<p class=\"wp-block-paragraph\">\u200bPara garantir a continuidade das pol\u00edticas fiscais e a estabilidade dos mercados, o nome escolhido para assumir a pasta \u00e9 o de <strong>Dario Durigan<\/strong>, atual secret\u00e1rio-executivo do Minist\u00e9rio. A escolha de Durigan sinaliza uma &#8220;transi\u00e7\u00e3o caseira&#8221; e t\u00e9cnica.<\/p>\n\n\n\n<ul class=\"wp-block-list\">\n<li>\u200b<strong>Dario Durigan:<\/strong> Assume o posto de Ministro da Fazenda.<\/li>\n\n\n\n<li>\u200b<strong>Rog\u00e9rio Ceron:<\/strong> Atual secret\u00e1rio do Tesouro Nacional, passar\u00e1 a ocupar a secretaria-executiva, tornando-se o n\u00famero dois da pasta.<\/li>\n<\/ul>\n\n\n\n<p class=\"wp-block-paragraph\">\u200bA sa\u00edda oficial deve ocorrer entre a pr\u00f3xima quarta-feira (18) e quinta-feira (19), ap\u00f3s uma \u00faltima reuni\u00e3o definitiva entre Haddad e o presidente Lula para alinhar os detalhes da sucess\u00e3o e as metas econ\u00f4micas para o restante do ano.<\/p>\n\n\n\n<h3 class=\"wp-block-heading\">\u200bA estrat\u00e9gia eleitoral em S\u00e3o Paulo<\/h3>\n\n\n\n<p class=\"wp-block-paragraph\">\u200bHaddad entra na disputa com o desafio de enfrentar o atual governador <strong>Tarc\u00edsio de Freitas<\/strong>, que busca a reelei\u00e7\u00e3o e lidera as pesquisas de inten\u00e7\u00e3o de voto. Segundo levantamento recente do Datafolha, Tarc\u00edsio aparece com 44% das inten\u00e7\u00f5es de voto no cen\u00e1rio estimulado, enquanto Haddad registra 31%.<\/p>\n\n\n\n<p class=\"wp-block-paragraph\">\u200bA chapa governista em solo paulista promete ser robusta. Interlocutores apontam que as ministras <strong>Marina Silva<\/strong> (Meio Ambiente) e <strong>Simone Tebet<\/strong> (Planejamento) podem integrar o projeto como candidatas ao Senado, refor\u00e7ando o apelo da chapa para diferentes fatias do eleitorado.<\/p>\n\n\n\n<blockquote class=\"wp-block-quote is-layout-flow wp-block-quote-is-layout-flow\">\n<p class=\"wp-block-paragraph\">\u200b&#8221;Estou analisando os cen\u00e1rios. O presidente tem desenhado as situa\u00e7\u00f5es em que minha participa\u00e7\u00e3o seria necess\u00e1ria e eu n\u00e3o posso prescindir da opini\u00e3o dele&#8221;, afirmou o ministro em conversas recentes com jornalistas.<\/p>\n<\/blockquote>\n\n\n\n<p class=\"wp-block-paragraph\">\u200bA aposta do PT \u00e9 que a melhora nos indicadores econ\u00f4micos recentes, como o controle da infla\u00e7\u00e3o e o aumento do emprego, sirva como principal vitrine para a campanha de Haddad no estado.<\/p>\n","protected":false},"excerpt":{"rendered":"<p>\u200bO cen\u00e1rio pol\u00edtico brasileiro sofreu uma importante movimenta\u00e7\u00e3o nesta segunda-feira, 9 de mar\u00e7o de 2026. O ministro da Fazenda, Fernando Haddad, confirmou que deixar\u00e1 o [&#8230;]<\/p>\n","protected":false},"author":1,"featured_media":5440,"comment_status":"open","ping_status":"open","sticky":false,"template":"","format":"standard","meta":{"_crdt_document":"","_jetpack_memberships_contains_paid_content":false,"footnotes":"","jetpack_publicize_message":"","jetpack_publicize_feature_enabled":true,"jetpack_social_post_already_shared":true,"jetpack_social_options":{"image_generator_settings":{"template":"highway","default_image_id":0,"font":"","enabled":false},"version":2}},"categories":[7],"tags":[],"class_list":["post-5439","post","type-post","status-publish","format-standard","has-post-thumbnail","hentry","category-politica"],"jetpack_publicize_connections":[],"jetpack_featured_media_url":"https:\/\/i0.wp.com\/oexpressobr.com.br\/wp-content\/uploads\/2026\/03\/IMG-20260309-WA0253.jpg?fit=750%2C500&ssl=1","jetpack_likes_enabled":true,"jetpack_sharing_enabled":true,"_links":{"self":[{"href":"https:\/\/oexpressobr.com.br\/index.php?rest_route=\/wp\/v2\/posts\/5439","targetHints":{"allow":["GET"]}}],"collection":[{"href":"https:\/\/oexpressobr.com.br\/index.php?rest_route=\/wp\/v2\/posts"}],"about":[{"href":"https:\/\/oexpressobr.com.br\/index.php?rest_route=\/wp\/v2\/types\/post"}],"author":[{"embeddable":true,"href":"https:\/\/oexpressobr.com.br\/index.php?rest_route=\/wp\/v2\/users\/1"}],"replies":[{"embeddable":true,"href":"https:\/\/oexpressobr.com.br\/index.php?rest_route=%2Fwp%2Fv2%2Fcomments&post=5439"}],"version-history":[{"count":1,"href":"https:\/\/oexpressobr.com.br\/index.php?rest_route=\/wp\/v2\/posts\/5439\/revisions"}],"predecessor-version":[{"id":5441,"href":"https:\/\/oexpressobr.com.br\/index.php?rest_route=\/wp\/v2\/posts\/5439\/revisions\/5441"}],"wp:featuredmedia":[{"embeddable":true,"href":"https:\/\/oexpressobr.com.br\/index.php?rest_route=\/wp\/v2\/media\/5440"}],"wp:attachment":[{"href":"https:\/\/oexpressobr.com.br\/index.php?rest_route=%2Fwp%2Fv2%2Fmedia&parent=5439"}],"wp:term":[{"taxonomy":"category","embeddable":true,"href":"https:\/\/oexpressobr.com.br\/index.php?rest_route=%2Fwp%2Fv2%2Fcategories&post=5439"},{"taxonomy":"post_tag","embeddable":true,"href":"https:\/\/oexpressobr.com.br\/index.php?rest_route=%2Fwp%2Fv2%2Ftags&post=5439"}],"curies":[{"name":"wp","href":"https:\/\/api.w.org\/{rel}","templated":true}]}}