{"id":5443,"date":"2026-03-09T16:27:31","date_gmt":"2026-03-09T19:27:31","guid":{"rendered":"https:\/\/oexpressobr.com.br\/?p=5443"},"modified":"2026-03-09T16:27:40","modified_gmt":"2026-03-09T19:27:40","slug":"mojtaba-khamenei-assume-lideranca-suprema-do-ira-e-sinaliza-resistencia-total-a-trump-e-israel","status":"publish","type":"post","link":"https:\/\/oexpressobr.com.br\/?p=5443","title":{"rendered":"Mojtaba Khamenei assume lideran\u00e7a suprema do Ir\u00e3 e sinaliza resist\u00eancia total a Trump e Israel"},"content":{"rendered":"\n<p class=\"wp-block-paragraph\">\u200bA ascens\u00e3o de <strong>Mojtaba Khamenei<\/strong> ao posto de L\u00edder Supremo do Ir\u00e3, oficializada neste domingo (8 de mar\u00e7o de 2026), marca um ponto de inflex\u00e3o cr\u00edtico na guerra que consome o Oriente M\u00e9dio. Escolhido pela Assembleia de Especialistas ap\u00f3s a morte de seu pai, Ali Khamenei \u2014 v\u00edtima de um ataque conjunto de <strong>Estados Unidos<\/strong> e <strong>Israel<\/strong> no final de fevereiro \u2014, Mojtaba assume o poder com uma miss\u00e3o clara: manter a estrutura do regime e intensificar a resist\u00eancia contra a ofensiva liderada por <strong>Donald Trump<\/strong>.<\/p>\n\n\n\n<h3 class=\"wp-block-heading\">\u200bUma sucess\u00e3o marcada pelo sangue e pelo radicalismo<\/h3>\n\n\n\n<p class=\"wp-block-paragraph\">\u200bA nomea\u00e7\u00e3o de Mojtaba, de 56 anos, encerra d\u00e9cadas de especula\u00e7\u00e3o sobre a sucess\u00e3o heredit\u00e1ria na Rep\u00fablica Isl\u00e2mica. Embora cl\u00e9rigo de n\u00edvel intermedi\u00e1rio, sua influ\u00eancia real deriva de anos operando nas sombras, controlando as finan\u00e7as do escrit\u00f3rio do l\u00edder e mantendo la\u00e7os profundos com a <strong>Guarda Revolucion\u00e1ria (IRGC)<\/strong>.<\/p>\n\n\n\n<p class=\"wp-block-paragraph\">\u200bA escolha sinaliza que o Ir\u00e3 n\u00e3o buscar\u00e1 uma sa\u00edda diplom\u00e1tica imediata. Pelo contr\u00e1rio, fontes ligadas ao clero afirmam que Ali Khamenei deixou uma orienta\u00e7\u00e3o p\u00f3stuma para que seu sucessor fosse &#8220;odiado pelo inimigo&#8221;, refor\u00e7ando o perfil combativo de seu segundo filho.<\/p>\n\n\n\n<h3 class=\"wp-block-heading\">\u200bO embate direto com a &#8220;Opera\u00e7\u00e3o F\u00faria \u00c9pica&#8221;<\/h3>\n\n\n\n<p class=\"wp-block-paragraph\">\u200bO cen\u00e1rio que o novo l\u00edder herda \u00e9 de devasta\u00e7\u00e3o parcial e incerteza total:<\/p>\n\n\n\n<ul class=\"wp-block-list\">\n<li>\u200b<strong>Ofensiva de Trump:<\/strong> Sob o codinome &#8220;Opera\u00e7\u00e3o F\u00faria \u00c9pica&#8221;, os EUA e Israel realizam ataques a\u00e9reos sistem\u00e1ticos contra infraestruturas nucleares e militares em Teer\u00e3, Isfahan e Qom.<\/li>\n\n\n\n<li>\u200b<strong>Retalia\u00e7\u00e3o Iraniana:<\/strong> Em resposta, o Ir\u00e3 fechou o <strong>Estreito de Ormuz<\/strong>, estrangulando o fluxo global de petr\u00f3leo, e lan\u00e7ou ondas de m\u00edsseis contra bases americanas na Jord\u00e2nia e nos Emirados \u00c1rabes.<\/li>\n\n\n\n<li>\u200b<strong>Amea\u00e7as de Washington:<\/strong> Donald Trump classificou a nomea\u00e7\u00e3o de Mojtaba como &#8220;inaceit\u00e1vel&#8221; e reiterou que a guerra, prevista por ele para durar cerca de cinco semanas, \u00e9 a &#8220;\u00faltima chance&#8221; de eliminar a amea\u00e7a nuclear iraniana.<\/li>\n<\/ul>\n\n\n\n<h3 class=\"wp-block-heading\">\u200bImpactos globais e resili\u00eancia interna<\/h3>\n\n\n\n<p class=\"wp-block-paragraph\">\u200bA guerra j\u00e1 deixou um rastro de mais de 1.300 mortos no Ir\u00e3, incluindo trag\u00e9dias civis como o bombardeio de uma escola de meninas que vitimou 168 crian\u00e7as. Internamente, o pa\u00eds enfrenta um apag\u00e3o de internet que j\u00e1 dura nove dias, dificultando a organiza\u00e7\u00e3o de protestos civis ou a fuga de refugiados, que j\u00e1 somam 275 mil segundo a ONU.<\/p>\n\n\n\n<p class=\"wp-block-paragraph\">\u200bNo mercado financeiro, o barril de petr\u00f3leo Brent opera acima dos <strong>US$ 85<\/strong>, pressionando a infla\u00e7\u00e3o global. Para o Brasil, o impacto \u00e9 sentido diretamente nos pre\u00e7os dos combust\u00edveis e na volatilidade das commodities agr\u00edcolas.<\/p>\n\n\n\n<blockquote class=\"wp-block-quote is-layout-flow wp-block-quote-is-layout-flow\">\n<p class=\"wp-block-paragraph\">\u200b&#8221;Obedeceremos ao comandante-chefe at\u00e9 a \u00faltima gota de nosso sangue&#8221;, afirmou o conselho de defesa iraniano em comunicado ap\u00f3s a posse de Mojtaba.<\/p>\n<\/blockquote>\n\n\n\n<p class=\"wp-block-paragraph\">\u200bA ascens\u00e3o de Mojtaba Khamenei n\u00e3o \u00e9 apenas uma troca de nomes; \u00e9 a consolida\u00e7\u00e3o de uma dinastia teocr\u00e1tica que v\u00ea no conflito atual uma luta existencial. Com Trump exigindo rendi\u00e7\u00e3o incondicional e o novo Aiatol\u00e1 dobrando a aposta na resist\u00eancia, a janela para a paz parece ter se fechado por tempo indeterminado.<\/p>\n","protected":false},"excerpt":{"rendered":"<p>\u200bA ascens\u00e3o de Mojtaba Khamenei ao posto de L\u00edder Supremo do Ir\u00e3, oficializada neste domingo (8 de mar\u00e7o de 2026), marca um ponto de inflex\u00e3o [&#8230;]<\/p>\n","protected":false},"author":1,"featured_media":5444,"comment_status":"open","ping_status":"open","sticky":false,"template":"","format":"standard","meta":{"_crdt_document":"","_jetpack_memberships_contains_paid_content":false,"footnotes":"","jetpack_publicize_message":"","jetpack_publicize_feature_enabled":true,"jetpack_social_post_already_shared":true,"jetpack_social_options":{"image_generator_settings":{"template":"highway","default_image_id":0,"font":"","enabled":false},"version":2}},"categories":[15],"tags":[],"class_list":["post-5443","post","type-post","status-publish","format-standard","has-post-thumbnail","hentry","category-internacional"],"jetpack_publicize_connections":[],"jetpack_featured_media_url":"https:\/\/i0.wp.com\/oexpressobr.com.br\/wp-content\/uploads\/2026\/03\/IMG-20260309-WA0252.jpg?fit=750%2C500&ssl=1","jetpack_likes_enabled":true,"jetpack_sharing_enabled":true,"_links":{"self":[{"href":"https:\/\/oexpressobr.com.br\/index.php?rest_route=\/wp\/v2\/posts\/5443","targetHints":{"allow":["GET"]}}],"collection":[{"href":"https:\/\/oexpressobr.com.br\/index.php?rest_route=\/wp\/v2\/posts"}],"about":[{"href":"https:\/\/oexpressobr.com.br\/index.php?rest_route=\/wp\/v2\/types\/post"}],"author":[{"embeddable":true,"href":"https:\/\/oexpressobr.com.br\/index.php?rest_route=\/wp\/v2\/users\/1"}],"replies":[{"embeddable":true,"href":"https:\/\/oexpressobr.com.br\/index.php?rest_route=%2Fwp%2Fv2%2Fcomments&post=5443"}],"version-history":[{"count":1,"href":"https:\/\/oexpressobr.com.br\/index.php?rest_route=\/wp\/v2\/posts\/5443\/revisions"}],"predecessor-version":[{"id":5445,"href":"https:\/\/oexpressobr.com.br\/index.php?rest_route=\/wp\/v2\/posts\/5443\/revisions\/5445"}],"wp:featuredmedia":[{"embeddable":true,"href":"https:\/\/oexpressobr.com.br\/index.php?rest_route=\/wp\/v2\/media\/5444"}],"wp:attachment":[{"href":"https:\/\/oexpressobr.com.br\/index.php?rest_route=%2Fwp%2Fv2%2Fmedia&parent=5443"}],"wp:term":[{"taxonomy":"category","embeddable":true,"href":"https:\/\/oexpressobr.com.br\/index.php?rest_route=%2Fwp%2Fv2%2Fcategories&post=5443"},{"taxonomy":"post_tag","embeddable":true,"href":"https:\/\/oexpressobr.com.br\/index.php?rest_route=%2Fwp%2Fv2%2Ftags&post=5443"}],"curies":[{"name":"wp","href":"https:\/\/api.w.org\/{rel}","templated":true}]}}