{"id":5449,"date":"2026-03-09T16:44:15","date_gmt":"2026-03-09T19:44:15","guid":{"rendered":"https:\/\/oexpressobr.com.br\/?p=5449"},"modified":"2026-03-09T16:44:22","modified_gmt":"2026-03-09T19:44:22","slug":"mauro-vieira-e-marco-rubio-discutem-possivel-designacao-de-pcc-e-cv-como-organizacoes-terroristas-pelos-eua","status":"publish","type":"post","link":"https:\/\/oexpressobr.com.br\/?p=5449","title":{"rendered":"Mauro Vieira e Marco Rubio discutem poss\u00edvel designa\u00e7\u00e3o de PCC e CV como organiza\u00e7\u00f5es terroristas pelos EUA"},"content":{"rendered":"\n<p class=\"wp-block-paragraph\">\u200bA diplomacia entre Bras\u00edlia e Washington entrou em um est\u00e1gio de cautela estrat\u00e9gica nesta semana. O ministro das Rela\u00e7\u00f5es Exteriores do Brasil, <strong>Mauro Vieira<\/strong>, manteve uma conversa telef\u00f4nica com o secret\u00e1rio de Estado norte-americano, <strong>Marco Rubio<\/strong>, para tratar de uma pauta sens\u00edvel: a inten\u00e7\u00e3o do governo de Donald Trump em classificar as fac\u00e7\u00f5es brasileiras <strong>Primeiro Comando da Capital (PCC)<\/strong> e <strong>Comando Vermelho (CV)<\/strong> como organiza\u00e7\u00f5es terroristas estrangeiras (<em>Foreign Terrorist Organizations &#8211; FTOs<\/em>).<\/p>\n\n\n\n<p class=\"wp-block-paragraph\">\u200bA movimenta\u00e7\u00e3o, que ganhou for\u00e7a nos bastidores da Casa Branca, sinaliza uma mudan\u00e7a dr\u00e1stica na pol\u00edtica de seguran\u00e7a externa dos Estados Unidos para a Am\u00e9rica Latina.<\/p>\n\n\n\n<h3 class=\"wp-block-heading\">\u200bO ponto de fric\u00e7\u00e3o: Soberania vs. Seguran\u00e7a Global<\/h3>\n\n\n\n<p class=\"wp-block-paragraph\">\u200bO principal objetivo do contato de Vieira foi sondar a extens\u00e3o dessa medida e expressar as preocupa\u00e7\u00f5es do governo brasileiro. Embora o Brasil reconhe\u00e7a a periculosidade dessas organiza\u00e7\u00f5es no tr\u00e1fico de drogas e armas, a classifica\u00e7\u00e3o como &#8220;terrorismo&#8221; por uma pot\u00eancia estrangeira traz implica\u00e7\u00f5es jur\u00eddicas e pol\u00edticas complexas.<\/p>\n\n\n\n<p class=\"wp-block-paragraph\">\u200b<strong>Os principais riscos apontados por especialistas e diplomatas incluem:<\/strong><\/p>\n\n\n\n<ul class=\"wp-block-list\">\n<li>\u200b<strong>Soberania Nacional:<\/strong> A classifica\u00e7\u00e3o permitiria que ag\u00eancias dos EUA atuassem de forma mais agressiva em solo estrangeiro, incluindo o congelamento de ativos e, em cen\u00e1rios extremos, justificativas para opera\u00e7\u00f5es extraterritoriais.<\/li>\n\n\n\n<li>\u200b<strong>Implica\u00e7\u00f5es Jur\u00eddicas:<\/strong> No Brasil, o crime organizado \u00e9 tipificado na Lei de Organiza\u00e7\u00f5es Criminosas, enquanto o terrorismo possui uma lei espec\u00edfica que exige motiva\u00e7\u00f5es ideol\u00f3gicas, pol\u00edticas ou religiosas \u2014 o que n\u00e3o se aplica estritamente ao modelo de neg\u00f3cios das fac\u00e7\u00f5es.<\/li>\n\n\n\n<li>\u200b<strong>Press\u00e3o Econ\u00f4mica:<\/strong> Institui\u00e7\u00f5es financeiras brasileiras poderiam sofrer san\u00e7\u00f5es indiretas caso sejam acusadas de n\u00e3o filtrar adequadamente transa\u00e7\u00f5es ligadas a esses grupos agora sob a \u00e9gide do contraterrorismo dos EUA.<\/li>\n<\/ul>\n\n\n\n<h3 class=\"wp-block-heading\">\u200bO contexto de Marco Rubio e o Governo Trump<\/h3>\n\n\n\n<p class=\"wp-block-paragraph\">\u200bA indica\u00e7\u00e3o de Marco Rubio para o Departamento de Estado j\u00e1 previa uma postura de &#8220;punho de ferro&#8221; contra cart\u00e9is e grupos criminosos transnacionais. Para a administra\u00e7\u00e3o Trump, o PCC e o CV deixaram de ser apenas problemas de seguran\u00e7a p\u00fablica local para se tornarem amea\u00e7as \u00e0 estabilidade regional e \u00e0 seguran\u00e7a interna dos EUA, devido \u00e0s conex\u00f5es com o tr\u00e1fico de fentanil e outras subst\u00e2ncias.<\/p>\n\n\n\n<blockquote class=\"wp-block-quote is-layout-flow wp-block-quote-is-layout-flow\">\n<p class=\"wp-block-paragraph\">\u200b&#8221;A designa\u00e7\u00e3o mudaria o status desses grupos de criminosos comuns para inimigos do Estado, alterando drasticamente como a intelig\u00eancia americana compartilha dados e persegue ativos financeiros no exterior.&#8221;<\/p>\n<\/blockquote>\n\n\n\n<h3 class=\"wp-block-heading\">\u200bPr\u00f3ximos passos<\/h3>\n\n\n\n<p class=\"wp-block-paragraph\">\u200bO Itamaraty busca manter o canal de di\u00e1logo aberto para evitar decis\u00f5es unilaterais que possam ferir a autonomia das for\u00e7as de seguran\u00e7a brasileiras. A expectativa \u00e9 que novos encontros t\u00e9cnicos ocorram entre o Minist\u00e9rio da Justi\u00e7a e Seguran\u00e7a P\u00fablica do Brasil e o Departamento de Estado americano para alinhar estrat\u00e9gias de combate ao crime sem a necessidade da etiqueta de terrorismo.<\/p>\n","protected":false},"excerpt":{"rendered":"<p>\u200bA diplomacia entre Bras\u00edlia e Washington entrou em um est\u00e1gio de cautela estrat\u00e9gica nesta semana. O ministro das Rela\u00e7\u00f5es Exteriores do Brasil, Mauro Vieira, manteve [&#8230;]<\/p>\n","protected":false},"author":1,"featured_media":5450,"comment_status":"open","ping_status":"open","sticky":false,"template":"","format":"standard","meta":{"_crdt_document":"","_jetpack_memberships_contains_paid_content":false,"footnotes":"","jetpack_publicize_message":"","jetpack_publicize_feature_enabled":true,"jetpack_social_post_already_shared":true,"jetpack_social_options":{"image_generator_settings":{"template":"highway","default_image_id":0,"font":"","enabled":false},"version":2}},"categories":[15],"tags":[],"class_list":["post-5449","post","type-post","status-publish","format-standard","has-post-thumbnail","hentry","category-internacional"],"jetpack_publicize_connections":[],"jetpack_featured_media_url":"https:\/\/i0.wp.com\/oexpressobr.com.br\/wp-content\/uploads\/2026\/03\/IMG-20260309-WA0273.jpg?fit=615%2C470&ssl=1","jetpack_likes_enabled":true,"jetpack_sharing_enabled":true,"_links":{"self":[{"href":"https:\/\/oexpressobr.com.br\/index.php?rest_route=\/wp\/v2\/posts\/5449","targetHints":{"allow":["GET"]}}],"collection":[{"href":"https:\/\/oexpressobr.com.br\/index.php?rest_route=\/wp\/v2\/posts"}],"about":[{"href":"https:\/\/oexpressobr.com.br\/index.php?rest_route=\/wp\/v2\/types\/post"}],"author":[{"embeddable":true,"href":"https:\/\/oexpressobr.com.br\/index.php?rest_route=\/wp\/v2\/users\/1"}],"replies":[{"embeddable":true,"href":"https:\/\/oexpressobr.com.br\/index.php?rest_route=%2Fwp%2Fv2%2Fcomments&post=5449"}],"version-history":[{"count":1,"href":"https:\/\/oexpressobr.com.br\/index.php?rest_route=\/wp\/v2\/posts\/5449\/revisions"}],"predecessor-version":[{"id":5451,"href":"https:\/\/oexpressobr.com.br\/index.php?rest_route=\/wp\/v2\/posts\/5449\/revisions\/5451"}],"wp:featuredmedia":[{"embeddable":true,"href":"https:\/\/oexpressobr.com.br\/index.php?rest_route=\/wp\/v2\/media\/5450"}],"wp:attachment":[{"href":"https:\/\/oexpressobr.com.br\/index.php?rest_route=%2Fwp%2Fv2%2Fmedia&parent=5449"}],"wp:term":[{"taxonomy":"category","embeddable":true,"href":"https:\/\/oexpressobr.com.br\/index.php?rest_route=%2Fwp%2Fv2%2Fcategories&post=5449"},{"taxonomy":"post_tag","embeddable":true,"href":"https:\/\/oexpressobr.com.br\/index.php?rest_route=%2Fwp%2Fv2%2Ftags&post=5449"}],"curies":[{"name":"wp","href":"https:\/\/api.w.org\/{rel}","templated":true}]}}