{"id":5453,"date":"2026-03-09T16:51:32","date_gmt":"2026-03-09T19:51:32","guid":{"rendered":"https:\/\/oexpressobr.com.br\/?p=5453"},"modified":"2026-03-09T16:51:41","modified_gmt":"2026-03-09T19:51:41","slug":"romeu-zema-e-fatima-bezerra-lideram-lista-de-estados-no-vermelho-em-2026","status":"publish","type":"post","link":"https:\/\/oexpressobr.com.br\/?p=5453","title":{"rendered":"Romeu Zema e F\u00e1tima Bezerra lideram lista de estados no vermelho em 2026"},"content":{"rendered":"\n<p class=\"wp-block-paragraph\">\u200bO in\u00edcio de 2026 marca um per\u00edodo de alerta m\u00e1ximo para os governadores brasileiros. Por ser o \u00faltimo ano de mandato, a Lei de Responsabilidade Fiscal (LRF) imp\u00f5e restri\u00e7\u00f5es severas: os gestores n\u00e3o podem contrair despesas que n\u00e3o tenham lastro financeiro para serem pagas at\u00e9 o dia 31 de dezembro. No entanto, um levantamento recente aponta que sete unidades da federa\u00e7\u00e3o iniciaram o ano com as contas no &#8220;vermelho&#8221;, enfrentando desafios para equilibrar os investimentos com a folha de pagamento e d\u00edvidas hist\u00f3ricas.<\/p>\n\n\n\n<p class=\"wp-block-paragraph\">\u200bNo topo da lista de preocupa\u00e7\u00e3o est\u00e1 o governador de Minas Gerais, <strong>Romeu Zema<\/strong>. O estado apresenta o pior cen\u00e1rio fiscal do pa\u00eds, com um saldo de caixa negativo de R$ 11,3 bilh\u00f5es. A gest\u00e3o mineira justifica o rombo como um problema estrutural e hist\u00f3rico, mas a situa\u00e7\u00e3o coloca o estado sob monitoramento r\u00edgido do Tesouro Nacional. Logo atr\u00e1s, a governadora do Rio Grande do Norte, <strong>F\u00e1tima Bezerra<\/strong>, enfrenta um d\u00e9ficit de R$ 3 bilh\u00f5es, reflexo de dificuldades persistentes na arrecada\u00e7\u00e3o e no controle de gastos correntes.<\/p>\n\n\n\n<h3 class=\"wp-block-heading\">\u200bO mapa do d\u00e9ficit e do super\u00e1vit<\/h3>\n\n\n\n<p class=\"wp-block-paragraph\">\u200bAl\u00e9m de Minas Gerais e Rio Grande do Norte, outros cinco entes federativos come\u00e7aram 2026 com saldo negativo em suas contas:<\/p>\n\n\n\n<ul class=\"wp-block-list\">\n<li>\u200b<strong>Alagoas:<\/strong> Atribui o resultado a ajustes cont\u00e1beis ap\u00f3s renegocia\u00e7\u00f5es internacionais.<\/li>\n\n\n\n<li>\u200b<strong>Distrito Federal:<\/strong> Registra um d\u00e9ficit de R$ 876,6 milh\u00f5es.<\/li>\n\n\n\n<li>\u200b<strong>Rio Grande do Sul:<\/strong> Sob a gest\u00e3o de Eduardo Leite, embora tenha conquistado nota m\u00e1xima em qualidade cont\u00e1bil, o estado ainda luta contra um saldo de caixa pressionado por d\u00edvidas hist\u00f3ricas com a Uni\u00e3o.<\/li>\n\n\n\n<li>\u200b<strong>Tocantins e Acre:<\/strong> Tamb\u00e9m figuram na lista dos que iniciaram o ano com balan\u00e7o negativo, citando antecipa\u00e7\u00e3o de pagamentos e queda em repasses.<\/li>\n<\/ul>\n\n\n\n<p class=\"wp-block-paragraph\">\u200bNa contram\u00e3o do pessimismo, o Paran\u00e1, governado por <strong>Ratinho J\u00fanior<\/strong>, ostenta a posi\u00e7\u00e3o de maior &#8220;caixa&#8221; do pa\u00eds, com R$ 10,5 bilh\u00f5es dispon\u00edveis. O <strong>Esp\u00edrito Santo<\/strong> tamb\u00e9m se destaca como exemplo de efici\u00eancia, mantendo a nota A+ do Tesouro Nacional e apresentando o menor n\u00edvel de endividamento do Brasil (d\u00edvida consolidada negativa de -52,48%), o que permite ao governador Renato Casagrande manter um ritmo elevado de investimentos p\u00fablicos.<\/p>\n\n\n\n<h3 class=\"wp-block-heading\">\u200bO fator eleitoral e os riscos da LRF<\/h3>\n\n\n\n<p class=\"wp-block-paragraph\">\u200bA deteriora\u00e7\u00e3o fiscal em estados como Rio de Janeiro e Rio Grande do Sul n\u00e3o \u00e9 novidade, mas o cen\u00e1rio de 2026 \u00e9 mais complexo devido \u00e0s elei\u00e7\u00f5es. O economista e diretor da Institui\u00e7\u00e3o Fiscal Independente (IFI), Alexandre Andrade, alerta que o crescimento das despesas com pessoal acima das receitas tem reduzido a margem de manobra dos estados.<\/p>\n\n\n\n<p class=\"wp-block-paragraph\">\u200bPara os governadores no &#8220;vermelho&#8221;, o desafio ser\u00e1 realizar um ajuste r\u00e1pido para evitar puni\u00e7\u00f5es da LRF, que podem incluir desde a proibi\u00e7\u00e3o de receber transfer\u00eancias volunt\u00e1rias at\u00e9 san\u00e7\u00f5es jur\u00eddicas aos CPF dos gestores. Enquanto isso, estados no &#8220;azul&#8221; usam a sa\u00fade financeira como vitrine pol\u00edtica para as disputas que se aproximam, provando que a responsabilidade fiscal tornou-se um dos principais ativos eleitorais de 2026.<\/p>\n","protected":false},"excerpt":{"rendered":"<p>\u200bO in\u00edcio de 2026 marca um per\u00edodo de alerta m\u00e1ximo para os governadores brasileiros. Por ser o \u00faltimo ano de mandato, a Lei de Responsabilidade [&#8230;]<\/p>\n","protected":false},"author":1,"featured_media":5454,"comment_status":"open","ping_status":"open","sticky":false,"template":"","format":"standard","meta":{"_crdt_document":"","_jetpack_memberships_contains_paid_content":false,"footnotes":"","jetpack_publicize_message":"","jetpack_publicize_feature_enabled":true,"jetpack_social_post_already_shared":true,"jetpack_social_options":{"image_generator_settings":{"template":"highway","default_image_id":0,"font":"","enabled":false},"version":2}},"categories":[3],"tags":[],"class_list":["post-5453","post","type-post","status-publish","format-standard","has-post-thumbnail","hentry","category-brasil"],"jetpack_publicize_connections":[],"jetpack_featured_media_url":"https:\/\/i0.wp.com\/oexpressobr.com.br\/wp-content\/uploads\/2026\/03\/IMG-20260309-WA0278.png?fit=2250%2C1500&ssl=1","jetpack_likes_enabled":true,"jetpack_sharing_enabled":true,"_links":{"self":[{"href":"https:\/\/oexpressobr.com.br\/index.php?rest_route=\/wp\/v2\/posts\/5453","targetHints":{"allow":["GET"]}}],"collection":[{"href":"https:\/\/oexpressobr.com.br\/index.php?rest_route=\/wp\/v2\/posts"}],"about":[{"href":"https:\/\/oexpressobr.com.br\/index.php?rest_route=\/wp\/v2\/types\/post"}],"author":[{"embeddable":true,"href":"https:\/\/oexpressobr.com.br\/index.php?rest_route=\/wp\/v2\/users\/1"}],"replies":[{"embeddable":true,"href":"https:\/\/oexpressobr.com.br\/index.php?rest_route=%2Fwp%2Fv2%2Fcomments&post=5453"}],"version-history":[{"count":1,"href":"https:\/\/oexpressobr.com.br\/index.php?rest_route=\/wp\/v2\/posts\/5453\/revisions"}],"predecessor-version":[{"id":5455,"href":"https:\/\/oexpressobr.com.br\/index.php?rest_route=\/wp\/v2\/posts\/5453\/revisions\/5455"}],"wp:featuredmedia":[{"embeddable":true,"href":"https:\/\/oexpressobr.com.br\/index.php?rest_route=\/wp\/v2\/media\/5454"}],"wp:attachment":[{"href":"https:\/\/oexpressobr.com.br\/index.php?rest_route=%2Fwp%2Fv2%2Fmedia&parent=5453"}],"wp:term":[{"taxonomy":"category","embeddable":true,"href":"https:\/\/oexpressobr.com.br\/index.php?rest_route=%2Fwp%2Fv2%2Fcategories&post=5453"},{"taxonomy":"post_tag","embeddable":true,"href":"https:\/\/oexpressobr.com.br\/index.php?rest_route=%2Fwp%2Fv2%2Ftags&post=5453"}],"curies":[{"name":"wp","href":"https:\/\/api.w.org\/{rel}","templated":true}]}}