{"id":5456,"date":"2026-03-09T16:59:05","date_gmt":"2026-03-09T19:59:05","guid":{"rendered":"https:\/\/oexpressobr.com.br\/?p=5456"},"modified":"2026-03-09T16:59:14","modified_gmt":"2026-03-09T19:59:14","slug":"neymar-poupado-craque-desfalca-santos-contra-o-mirassol-e-adia-reencontro-com-observacao-de-ancelotti","status":"publish","type":"post","link":"https:\/\/oexpressobr.com.br\/?p=5456","title":{"rendered":"Neymar poupado: Craque desfalca Santos contra o Mirassol e adia reencontro com observa\u00e7\u00e3o de Ancelotti"},"content":{"rendered":"\n<p class=\"wp-block-paragraph\">\u200bA expectativa de ver Neymar em campo nesta ter\u00e7a-feira, 10, deu lugar \u00e0 cautela m\u00e9dica. O Santos confirmou que o camisa 10 n\u00e3o viajar\u00e1 para o confronto contra o Mirassol, pelo Campeonato Paulista, devido a uma estrat\u00e9gia de <strong>controle de carga<\/strong>. A decis\u00e3o visa preservar a integridade f\u00edsica do atleta, que vem de uma sequ\u00eancia de retornos graduais aos gramados.<\/p>\n\n\n\n<p class=\"wp-block-paragraph\">\u200bO desfalque mexe com os planos n\u00e3o apenas do Peixe, mas tamb\u00e9m da Confedera\u00e7\u00e3o Brasileira de Futebol (CBF).<\/p>\n\n\n\n<h3 class=\"wp-block-heading\">\u200bO fator Carlo Ancelotti<\/h3>\n\n\n\n<p class=\"wp-block-paragraph\">\u200bA partida no interior paulista ganhou contornos de evento internacional pela presen\u00e7a confirmada de <strong>Carlo Ancelotti<\/strong>. O t\u00e9cnico, que mant\u00e9m di\u00e1logos constantes com a c\u00fapula da CBF para o ciclo da Copa do Mundo, estaria no est\u00e1dio especificamente para monitorar o desempenho de Neymar e de outros jovens talentos do Alvinegro Praiano.<\/p>\n\n\n\n<p class=\"wp-block-paragraph\">\u200bCom Neymar na <strong>pr\u00e9-lista da Sele\u00e7\u00e3o Brasileira<\/strong>, o jogo seria o cen\u00e1rio ideal para Ancelotti avaliar o ritmo competitivo do jogador em um ambiente de press\u00e3o fora de casa.<\/p>\n\n\n\n<h3 class=\"wp-block-heading\">\u200bPor que o controle de carga?<\/h3>\n\n\n\n<p class=\"wp-block-paragraph\">\u200bDe acordo com a assessoria do Santos e o departamento de fisiologia, a aus\u00eancia n\u00e3o indica uma nova les\u00e3o, mas sim um protocolo r\u00edgido para evitar fadiga muscular. Os principais pontos considerados foram:<\/p>\n\n\n\n<ul class=\"wp-block-list\">\n<li>\u200b<strong>Gramado e Viagem:<\/strong> O deslocamento para o interior e o estado do campo em Mirassol pesaram na decis\u00e3o.<\/li>\n\n\n\n<li>\u200b<strong>Cronograma Individual:<\/strong> Neymar segue um plano de minutos limitados por partida.<\/li>\n\n\n\n<li>\u200b<strong>Foco no Cl\u00e1ssico:<\/strong> A inten\u00e7\u00e3o \u00e9 ter o craque 100% fisicamente para os confrontos decisivos da fase final do estadual.<\/li>\n<\/ul>\n\n\n\n<h3 class=\"wp-block-heading\">\u200bImpacto no Santos<\/h3>\n\n\n\n<p class=\"wp-block-paragraph\">\u200bSem sua principal estrela, o t\u00e9cnico santista ter\u00e1 que reorganizar o setor ofensivo. A tend\u00eancia \u00e9 que a equipe aposte em uma forma\u00e7\u00e3o mais coletiva, buscando manter a lideran\u00e7a do grupo e a confian\u00e7a da torcida, que esgotou os ingressos na expectativa de ver o \u00eddolo.<\/p>\n\n\n\n<blockquote class=\"wp-block-quote is-layout-flow wp-block-quote-is-layout-flow\">\n<p class=\"wp-block-paragraph\">\u200b&#8221;A sa\u00fade do atleta est\u00e1 acima de qualquer evento comercial ou de observa\u00e7\u00e3o. Precisamos do Neymar inteiro para a temporada completa&#8221;, afirmou uma fonte ligada \u00e0 comiss\u00e3o t\u00e9cnica.<\/p>\n<\/blockquote>\n","protected":false},"excerpt":{"rendered":"<p>\u200bA expectativa de ver Neymar em campo nesta ter\u00e7a-feira, 10, deu lugar \u00e0 cautela m\u00e9dica. O Santos confirmou que o camisa 10 n\u00e3o viajar\u00e1 para [&#8230;]<\/p>\n","protected":false},"author":1,"featured_media":5457,"comment_status":"open","ping_status":"open","sticky":false,"template":"","format":"standard","meta":{"_crdt_document":"","_jetpack_memberships_contains_paid_content":false,"footnotes":"","jetpack_publicize_message":"","jetpack_publicize_feature_enabled":true,"jetpack_social_post_already_shared":true,"jetpack_social_options":{"image_generator_settings":{"template":"highway","default_image_id":0,"font":"","enabled":false},"version":2}},"categories":[12],"tags":[],"class_list":["post-5456","post","type-post","status-publish","format-standard","has-post-thumbnail","hentry","category-esporte"],"jetpack_publicize_connections":[],"jetpack_featured_media_url":"https:\/\/i0.wp.com\/oexpressobr.com.br\/wp-content\/uploads\/2026\/03\/odr20260226054-s4p2vgxve1r6.jpg?fit=1000%2C667&ssl=1","jetpack_likes_enabled":true,"jetpack_sharing_enabled":true,"_links":{"self":[{"href":"https:\/\/oexpressobr.com.br\/index.php?rest_route=\/wp\/v2\/posts\/5456","targetHints":{"allow":["GET"]}}],"collection":[{"href":"https:\/\/oexpressobr.com.br\/index.php?rest_route=\/wp\/v2\/posts"}],"about":[{"href":"https:\/\/oexpressobr.com.br\/index.php?rest_route=\/wp\/v2\/types\/post"}],"author":[{"embeddable":true,"href":"https:\/\/oexpressobr.com.br\/index.php?rest_route=\/wp\/v2\/users\/1"}],"replies":[{"embeddable":true,"href":"https:\/\/oexpressobr.com.br\/index.php?rest_route=%2Fwp%2Fv2%2Fcomments&post=5456"}],"version-history":[{"count":1,"href":"https:\/\/oexpressobr.com.br\/index.php?rest_route=\/wp\/v2\/posts\/5456\/revisions"}],"predecessor-version":[{"id":5458,"href":"https:\/\/oexpressobr.com.br\/index.php?rest_route=\/wp\/v2\/posts\/5456\/revisions\/5458"}],"wp:featuredmedia":[{"embeddable":true,"href":"https:\/\/oexpressobr.com.br\/index.php?rest_route=\/wp\/v2\/media\/5457"}],"wp:attachment":[{"href":"https:\/\/oexpressobr.com.br\/index.php?rest_route=%2Fwp%2Fv2%2Fmedia&parent=5456"}],"wp:term":[{"taxonomy":"category","embeddable":true,"href":"https:\/\/oexpressobr.com.br\/index.php?rest_route=%2Fwp%2Fv2%2Fcategories&post=5456"},{"taxonomy":"post_tag","embeddable":true,"href":"https:\/\/oexpressobr.com.br\/index.php?rest_route=%2Fwp%2Fv2%2Ftags&post=5456"}],"curies":[{"name":"wp","href":"https:\/\/api.w.org\/{rel}","templated":true}]}}