{"id":5459,"date":"2026-03-09T17:05:11","date_gmt":"2026-03-09T20:05:11","guid":{"rendered":"https:\/\/oexpressobr.com.br\/?p=5459"},"modified":"2026-03-09T17:05:20","modified_gmt":"2026-03-09T20:05:20","slug":"sao-paulo-oficializa-saida-de-hernan-crespo-e-torcida-pede-filipe-luis-no-morumbi","status":"publish","type":"post","link":"https:\/\/oexpressobr.com.br\/?p=5459","title":{"rendered":"S\u00e3o Paulo oficializa sa\u00edda de Hern\u00e1n Crespo e torcida pede Filipe Lu\u00eds no Morumbi"},"content":{"rendered":"\n<p class=\"wp-block-paragraph\">\u200bEm um movimento que pegou o mundo do futebol de surpresa nesta segunda-feira, 9 de mar\u00e7o, o <strong>S\u00e3o Paulo Futebol Clube<\/strong> anunciou o desligamento do t\u00e9cnico argentino <strong>Hern\u00e1n Crespo<\/strong>. A decis\u00e3o, comunicada oficialmente pelas redes sociais do clube, gerou uma onda imediata de choque e debate entre os torcedores tricolores.<\/p>\n\n\n\n<p class=\"wp-block-paragraph\">\u200bA passagem de Crespo, marcada por altos e baixos, chegou ao fim de forma repentina, deixando uma lacuna estrat\u00e9gica no comando t\u00e9cnico para o restante da temporada. Segundo fontes internas, a diretoria buscou um &#8220;fato novo&#8221; para reverter a instabilidade de desempenho que a equipe vinha apresentando nas \u00faltimas rodadas.<\/p>\n\n\n\n<h3 class=\"wp-block-heading\">\u200bA &#8220;Sombra&#8221; de Filipe Lu\u00eds e o Fator Rafinha<\/h3>\n\n\n\n<p class=\"wp-block-paragraph\">\u200bMal o comunicado foi publicado, o nome de um substituto come\u00e7ou a ganhar for\u00e7a absoluta nas plataformas digitais: <strong>Filipe Lu\u00eds<\/strong>. O ex-lateral, que recentemente encerrou seu ciclo vitorioso no comando t\u00e9cnico do Flamengo, tornou-se o alvo principal da &#8220;arquibancada virtual&#8221;.<\/p>\n\n\n\n<p class=\"wp-block-paragraph\">\u200bExistem pontos fundamentais que alimentam esse desejo da torcida:<\/p>\n\n\n\n<ul class=\"wp-block-list\">\n<li>\u200b<strong>Livre no mercado:<\/strong> Filipe Lu\u00eds est\u00e1 dispon\u00edvel ap\u00f3s sua sa\u00edda do Rubro-Negro, onde foi elogiado pela modernidade t\u00e1tica.<\/li>\n\n\n\n<li>\u200b<strong>Conex\u00e3o Interna:<\/strong> O agora dirigente <strong>Rafinha<\/strong>, que assumiu um papel executivo no Morumbi, possui uma amizade de longa data com Filipe. A dupla, que fez hist\u00f3ria no futebol europeu e no pr\u00f3prio Flamengo, \u00e9 vista como o &#8220;trunfo&#8221; para convencer o treinador a aceitar o projeto paulista.<\/li>\n\n\n\n<li>\u200b<strong>Perfil Inovador:<\/strong> A torcida busca um nome que alinhe juventude e conhecimento t\u00e9cnico atualizado, perfil que Filipe demonstrou em seus primeiros passos na beira do gramado.<\/li>\n<\/ul>\n\n\n\n<h3 class=\"wp-block-heading\">\u200bRea\u00e7\u00f5es da Torcida<\/h3>\n\n\n\n<p class=\"wp-block-paragraph\">\u200bAs postagens oficiais do clube foram inundadas por coment\u00e1rios que variam da indigna\u00e7\u00e3o com a sa\u00edda de Crespo \u00e0 esperan\u00e7a de um novo ciclo.<\/p>\n\n\n\n<blockquote class=\"wp-block-quote is-layout-flow wp-block-quote-is-layout-flow\">\n<p class=\"wp-block-paragraph\">\u200b&#8221;N\u00e3o esperava a sa\u00edda do Crespo agora, mas se for para trazer o Filipe Lu\u00eds e dar as chaves do CT para ele e para o Rafinha, eu apoio totalmente&#8221;, escreveu um torcedor em uma rede social.<\/p>\n<\/blockquote>\n\n\n\n<p class=\"wp-block-paragraph\">\u200bAt\u00e9 o momento, a diretoria do S\u00e3o Paulo n\u00e3o confirmou nomes oficiais para a sucess\u00e3o, mas a press\u00e3o popular indica que a busca por um novo comandante passar\u00e1, inevitavelmente, por conversas de alto n\u00edvel nos bastidores.<\/p>\n","protected":false},"excerpt":{"rendered":"<p>\u200bEm um movimento que pegou o mundo do futebol de surpresa nesta segunda-feira, 9 de mar\u00e7o, o S\u00e3o Paulo Futebol Clube anunciou o desligamento do [&#8230;]<\/p>\n","protected":false},"author":1,"featured_media":5460,"comment_status":"open","ping_status":"open","sticky":false,"template":"","format":"standard","meta":{"_crdt_document":"","_jetpack_memberships_contains_paid_content":false,"footnotes":"","jetpack_publicize_message":"","jetpack_publicize_feature_enabled":true,"jetpack_social_post_already_shared":true,"jetpack_social_options":{"image_generator_settings":{"template":"highway","default_image_id":0,"font":"","enabled":false},"version":2}},"categories":[12],"tags":[],"class_list":["post-5459","post","type-post","status-publish","format-standard","has-post-thumbnail","hentry","category-esporte"],"jetpack_publicize_connections":[],"jetpack_featured_media_url":"https:\/\/i0.wp.com\/oexpressobr.com.br\/wp-content\/uploads\/2026\/03\/55098248013_e9287f5386_c-skmrcujh6jj9.jpg?fit=1000%2C664&ssl=1","jetpack_likes_enabled":true,"jetpack_sharing_enabled":true,"_links":{"self":[{"href":"https:\/\/oexpressobr.com.br\/index.php?rest_route=\/wp\/v2\/posts\/5459","targetHints":{"allow":["GET"]}}],"collection":[{"href":"https:\/\/oexpressobr.com.br\/index.php?rest_route=\/wp\/v2\/posts"}],"about":[{"href":"https:\/\/oexpressobr.com.br\/index.php?rest_route=\/wp\/v2\/types\/post"}],"author":[{"embeddable":true,"href":"https:\/\/oexpressobr.com.br\/index.php?rest_route=\/wp\/v2\/users\/1"}],"replies":[{"embeddable":true,"href":"https:\/\/oexpressobr.com.br\/index.php?rest_route=%2Fwp%2Fv2%2Fcomments&post=5459"}],"version-history":[{"count":1,"href":"https:\/\/oexpressobr.com.br\/index.php?rest_route=\/wp\/v2\/posts\/5459\/revisions"}],"predecessor-version":[{"id":5461,"href":"https:\/\/oexpressobr.com.br\/index.php?rest_route=\/wp\/v2\/posts\/5459\/revisions\/5461"}],"wp:featuredmedia":[{"embeddable":true,"href":"https:\/\/oexpressobr.com.br\/index.php?rest_route=\/wp\/v2\/media\/5460"}],"wp:attachment":[{"href":"https:\/\/oexpressobr.com.br\/index.php?rest_route=%2Fwp%2Fv2%2Fmedia&parent=5459"}],"wp:term":[{"taxonomy":"category","embeddable":true,"href":"https:\/\/oexpressobr.com.br\/index.php?rest_route=%2Fwp%2Fv2%2Fcategories&post=5459"},{"taxonomy":"post_tag","embeddable":true,"href":"https:\/\/oexpressobr.com.br\/index.php?rest_route=%2Fwp%2Fv2%2Ftags&post=5459"}],"curies":[{"name":"wp","href":"https:\/\/api.w.org\/{rel}","templated":true}]}}