{"id":546,"date":"2025-12-11T07:00:52","date_gmt":"2025-12-11T10:00:52","guid":{"rendered":"https:\/\/oexpressobr.com.br\/?p=546"},"modified":"2025-12-11T07:00:54","modified_gmt":"2025-12-11T10:00:54","slug":"deputado-marcelo-rangel-assina-acordo-de-nao-persecucao-civel-com-o-ministerio-publico","status":"publish","type":"post","link":"https:\/\/oexpressobr.com.br\/?p=546","title":{"rendered":"Deputado Marcelo Rangel Assina Acordo de N\u00e3o Persecu\u00e7\u00e3o C\u00edvel Com o Minist\u00e9rio P\u00fablico"},"content":{"rendered":"\n<p class=\"wp-block-paragraph\">O deputado estadual Marcelo Rangel (PSD) assinou um Acordo de N\u00e3o Persecu\u00e7\u00e3o C\u00edvel (ANPC) com o Minist\u00e9rio P\u00fablico (MP) referente a um processo que investigava atos de improbidade administrativa durante sua gest\u00e3o como prefeito de Ponta Grossa. A informa\u00e7\u00e3o foi confirmada na quarta-feira (10) e repercutiu no cen\u00e1rio pol\u00edtico paranaense, sendo o ANPC uma novidade trazida pela recente altera\u00e7\u00e3o na Lei de Improbidade Administrativa.<\/p>\n\n\n\n<p class=\"wp-block-paragraph\">\u200bO acordo permite que o agente p\u00fablico investigado reconhe\u00e7a sua responsabilidade por um ato il\u00edcito e cumpra determinadas san\u00e7\u00f5es e obriga\u00e7\u00f5es, evitando que o caso se torne objeto de uma a\u00e7\u00e3o judicial de improbidade, conforme previsto na Lei n\u00b0 8.429\/92, com as modifica\u00e7\u00f5es da Lei n\u00b0 14.230\/2021. No caso espec\u00edfico de Rangel, a investiga\u00e7\u00e3o estaria ligada a irregularidades apontadas pelo Tribunal de Contas do Estado do Paran\u00e1 (TCE-PR) durante seu per\u00edodo na prefeitura.<\/p>\n\n\n\n<h3 class=\"wp-block-heading\">\u200b<strong>Detalhes do Processo e o Instrumento Legal<\/strong><\/h3>\n\n\n\n<p class=\"wp-block-paragraph\">\u200bO processo que levou ao acordo envolvia a rejei\u00e7\u00e3o de contas relativas ao Conv\u00eanio n\u00ba 07\/2014, de repasses financeiros do Munic\u00edpio ao Instituto Educacional Duque de Caxias, no valor de R$ 450.000,00. As irregularidades insan\u00e1veis que configurariam atos dolosos de improbidade administrativa, segundo o Minist\u00e9rio P\u00fablico Eleitoral (MPE) em a\u00e7\u00e3o de 2024, envolviam a aus\u00eancia de restitui\u00e7\u00e3o de um saldo de R$ 24.862,14 ao final da vig\u00eancia, al\u00e9m da falta de termo de cumprimento dos objetivos e aus\u00eancia de instaura\u00e7\u00e3o de Tomada de Contas Especial.<\/p>\n\n\n\n<p class=\"wp-block-paragraph\">\u200bO ANPC \u00e9 um instrumento legal que tem ganhado destaque ap\u00f3s a reforma da Lei de Improbidade e possibilita uma resolu\u00e7\u00e3o mais c\u00e9lere e consensual para casos de menor potencial lesivo ao er\u00e1rio ou \u00e0 administra\u00e7\u00e3o. No entanto, o agente precisa reconhecer a pr\u00e1tica do il\u00edcito e se sujeitar \u00e0s penalidades negociadas, que geralmente incluem multas e ressarcimento.<\/p>\n\n\n\n<h3 class=\"wp-block-heading\">\u200b<strong>Repercuss\u00e3o e Pr\u00f3ximos Passos<\/strong><\/h3>\n\n\n\n<p class=\"wp-block-paragraph\">\u200bApesar da confirma\u00e7\u00e3o da assinatura do acordo, os detalhes espec\u00edficos sobre as obriga\u00e7\u00f5es e penalidades impostas ao deputado Marcelo Rangel, como o valor da multa civil e outras contrapartidas, ainda n\u00e3o foram divulgados oficialmente. A aus\u00eancia de manifesta\u00e7\u00e3o do deputado e de seu advogado sobre os termos do ANPC foi notada por ve\u00edculos de imprensa locais at\u00e9 o fechamento de algumas mat\u00e9rias.<\/p>\n\n\n\n<p class=\"wp-block-paragraph\">\u200bO ANPC, ao ser homologado, evita o andamento da A\u00e7\u00e3o de Improbidade Administrativa. Contudo, em casos que tamb\u00e9m resultaram em rejei\u00e7\u00e3o de contas pelo TCE, a discuss\u00e3o sobre inelegibilidade, que se baseia na decis\u00e3o do Tribunal de Contas, pode permanecer em outras esferas judiciais, notadamente a Eleitoral.<\/p>\n\n\n\n<p class=\"wp-block-paragraph\">\u200bO Minist\u00e9rio P\u00fablico tem utilizado o instrumento do ANPC em diversos estados, como em Minas Gerais, onde acordos recentes envolveram prefeitos para aplica\u00e7\u00e3o de multas e remo\u00e7\u00e3o de conte\u00fados de redes sociais, exemplificando a tend\u00eancia de aplica\u00e7\u00e3o dessa ferramenta em casos de improbidade administrativa.<\/p>\n","protected":false},"excerpt":{"rendered":"<p>O deputado estadual Marcelo Rangel (PSD) assinou um Acordo de N\u00e3o Persecu\u00e7\u00e3o C\u00edvel (ANPC) com o Minist\u00e9rio P\u00fablico (MP) referente a um processo que investigava [&#8230;]<\/p>\n","protected":false},"author":1,"featured_media":547,"comment_status":"open","ping_status":"open","sticky":false,"template":"","format":"standard","meta":{"_crdt_document":"","_jetpack_memberships_contains_paid_content":false,"footnotes":"","jetpack_publicize_message":"","jetpack_publicize_feature_enabled":true,"jetpack_social_post_already_shared":false,"jetpack_social_options":{"image_generator_settings":{"template":"highway","default_image_id":0,"font":"","enabled":false},"version":2}},"categories":[5],"tags":[],"class_list":["post-546","post","type-post","status-publish","format-standard","has-post-thumbnail","hentry","category-parana"],"jetpack_publicize_connections":[],"jetpack_featured_media_url":"https:\/\/i0.wp.com\/oexpressobr.com.br\/wp-content\/uploads\/2025\/12\/rangel-valdir-amaral-alep.jpg?fit=770%2C470&ssl=1","jetpack_likes_enabled":true,"jetpack_sharing_enabled":true,"_links":{"self":[{"href":"https:\/\/oexpressobr.com.br\/index.php?rest_route=\/wp\/v2\/posts\/546","targetHints":{"allow":["GET"]}}],"collection":[{"href":"https:\/\/oexpressobr.com.br\/index.php?rest_route=\/wp\/v2\/posts"}],"about":[{"href":"https:\/\/oexpressobr.com.br\/index.php?rest_route=\/wp\/v2\/types\/post"}],"author":[{"embeddable":true,"href":"https:\/\/oexpressobr.com.br\/index.php?rest_route=\/wp\/v2\/users\/1"}],"replies":[{"embeddable":true,"href":"https:\/\/oexpressobr.com.br\/index.php?rest_route=%2Fwp%2Fv2%2Fcomments&post=546"}],"version-history":[{"count":0,"href":"https:\/\/oexpressobr.com.br\/index.php?rest_route=\/wp\/v2\/posts\/546\/revisions"}],"wp:featuredmedia":[{"embeddable":true,"href":"https:\/\/oexpressobr.com.br\/index.php?rest_route=\/wp\/v2\/media\/547"}],"wp:attachment":[{"href":"https:\/\/oexpressobr.com.br\/index.php?rest_route=%2Fwp%2Fv2%2Fmedia&parent=546"}],"wp:term":[{"taxonomy":"category","embeddable":true,"href":"https:\/\/oexpressobr.com.br\/index.php?rest_route=%2Fwp%2Fv2%2Fcategories&post=546"},{"taxonomy":"post_tag","embeddable":true,"href":"https:\/\/oexpressobr.com.br\/index.php?rest_route=%2Fwp%2Fv2%2Ftags&post=546"}],"curies":[{"name":"wp","href":"https:\/\/api.w.org\/{rel}","templated":true}]}}