{"id":5464,"date":"2026-03-10T06:47:07","date_gmt":"2026-03-10T09:47:07","guid":{"rendered":"https:\/\/oexpressobr.com.br\/?p=5464"},"modified":"2026-03-10T06:47:15","modified_gmt":"2026-03-10T09:47:15","slug":"parlamentares-e-zema-elevam-pressao-por-impeachment-de-moraes-em-meio-a-novos-escandalos-no-congresso","status":"publish","type":"post","link":"https:\/\/oexpressobr.com.br\/?p=5464","title":{"rendered":"Parlamentares e Zema elevam press\u00e3o por impeachment de Moraes em meio a novos esc\u00e2ndalos no Congresso"},"content":{"rendered":"\n<p class=\"wp-block-paragraph\">O cen\u00e1rio pol\u00edtico em Bras\u00edlia vive uma escalada de tens\u00e3o sem precedentes. Enquanto uma ala expressiva do Congresso Nacional e governadores de oposi\u00e7\u00e3o, como Romeu Zema (MG), articulam o que j\u00e1 \u00e9 o 10\u00ba pedido de impeachment contra o ministro Alexandre de Moraes apenas neste ano, o pr\u00f3prio Legislativo enfrenta uma crise de imagem alimentada por investiga\u00e7\u00f5es de corrup\u00e7\u00e3o e desvios bilion\u00e1rios.<\/p>\n\n\n\n<h3 class=\"wp-block-heading\">\u200bA ofensiva contra o STF<\/h3>\n\n\n\n<p class=\"wp-block-paragraph\">\u200bA mais recente investida contra Moraes foi motivada pela revela\u00e7\u00e3o de mensagens trocadas entre o magistrado e o banqueiro Daniel Vorcaro, dono do Banco Master. O conte\u00fado, que teria sido obtido em investiga\u00e7\u00f5es recentes, serviu de combust\u00edvel para que a oposi\u00e7\u00e3o protocolasse novos pedidos de afastamento no Senado. Segundo o governador Zema e parlamentares do PL e do Novo, as intera\u00e7\u00f5es ferem a imparcialidade exigida pelo cargo.<\/p>\n\n\n\n<p class=\"wp-block-paragraph\">\u200bAtualmente, o Senado acumula 46 pedidos de impeachment contra o ministro. O &#8220;placar do impeachment&#8221;, monitorado por grupos de oposi\u00e7\u00e3o, indica que cerca de 41 senadores j\u00e1 se declararam favor\u00e1veis \u00e0 abertura do processo, aproximando-se do n\u00famero necess\u00e1rio para pressionar o presidente da Casa, Davi Alcolumbre (Uni\u00e3o-Brasil), que tem mantido as pe\u00e7as engavetadas.<\/p>\n\n\n\n<h3 class=\"wp-block-heading\">\u200bO &#8220;telhado de vidro&#8221; do Congresso<\/h3>\n\n\n\n<p class=\"wp-block-paragraph\">\u200bContudo, o movimento que pede a &#8220;cabe\u00e7a&#8221; de Moraes ocorre em paralelo a um turbilh\u00e3o de esc\u00e2ndalos que atinge o pr\u00f3prio Congresso. Dados recentes revelam que o Conselho de \u00c9tica da C\u00e2mara arquivou quase metade das representa\u00e7\u00f5es contra deputados em 2025, beneficiando inclusive parlamentares envolvidos em ofensas graves e quebras de decoro.<\/p>\n\n\n\n<p class=\"wp-block-paragraph\">\u200bAl\u00e9m disso, a Pol\u00edcia Federal intensificou a <strong>Opera\u00e7\u00e3o Overclean<\/strong>, que investiga um esquema de corrup\u00e7\u00e3o e superfaturamento em contratos financiados por emendas parlamentares. O volume de recursos movimentados por essas emendas chegou \u00e0 marca recorde de R$ 50,4 bilh\u00f5es em 2025, um montante que supera o or\u00e7amento livre de 30 minist\u00e9rios somados. Pesquisas de opini\u00e3o, como a Genial\/Quaest, indicam que 82% dos brasileiros acreditam que esses recursos s\u00e3o alvo de desvios antes de chegarem ao destino final.<\/p>\n\n\n\n<h3 class=\"wp-block-heading\">\u200bAnistia e obstru\u00e7\u00e3o<\/h3>\n\n\n\n<p class=\"wp-block-paragraph\">\u200bA pauta de costumes e a defesa dos envolvidos nos atos de 8 de janeiro tamb\u00e9m servem como moeda de troca. A oposi\u00e7\u00e3o tem utilizado a estrat\u00e9gia de obstru\u00e7\u00e3o total das vota\u00e7\u00f5es \u2014 incluindo projetos de isen\u00e7\u00e3o de imposto de renda \u2014 para exigir a tramita\u00e7\u00e3o do projeto de anistia.<\/p>\n\n\n\n<p class=\"wp-block-paragraph\">\u200bO governo, por sua vez, aponta que o Congresso tenta criar uma &#8220;cortina de fuma\u00e7a&#8221;. Ao focar o debate p\u00fablico na figura de Alexandre de Moraes, parlamentares conseguiriam desviar a aten\u00e7\u00e3o das investiga\u00e7\u00f5es que apontam cobran\u00e7as de propina de at\u00e9 25% sobre o valor de emendas destinadas a munic\u00edpios.<\/p>\n\n\n\n<p class=\"wp-block-paragraph\">\u200bO impasse coloca as institui\u00e7\u00f5es em rota de colis\u00e3o: de um lado, um Judici\u00e1rio que centraliza inqu\u00e9ritos pol\u00eamicos e, de outro, um Legislativo que, embora clame por &#8220;moralidade&#8221; na Suprema Corte, v\u00ea-se mergulhado em suspeitas de malversa\u00e7\u00e3o de dinheiro p\u00fablico.<\/p>\n","protected":false},"excerpt":{"rendered":"<p>O cen\u00e1rio pol\u00edtico em Bras\u00edlia vive uma escalada de tens\u00e3o sem precedentes. Enquanto uma ala expressiva do Congresso Nacional e governadores de oposi\u00e7\u00e3o, como Romeu [&#8230;]<\/p>\n","protected":false},"author":1,"featured_media":5465,"comment_status":"open","ping_status":"open","sticky":false,"template":"","format":"standard","meta":{"_crdt_document":"","_jetpack_memberships_contains_paid_content":false,"footnotes":"","jetpack_publicize_message":"","jetpack_publicize_feature_enabled":true,"jetpack_social_post_already_shared":true,"jetpack_social_options":{"image_generator_settings":{"template":"highway","default_image_id":0,"font":"","enabled":false},"version":2}},"categories":[3],"tags":[],"class_list":["post-5464","post","type-post","status-publish","format-standard","has-post-thumbnail","hentry","category-brasil"],"jetpack_publicize_connections":[],"jetpack_featured_media_url":"https:\/\/i0.wp.com\/oexpressobr.com.br\/wp-content\/uploads\/2026\/03\/whatsapp-image-2026-02-02-at-164425.webp?fit=900%2C600&ssl=1","jetpack_likes_enabled":true,"jetpack_sharing_enabled":true,"_links":{"self":[{"href":"https:\/\/oexpressobr.com.br\/index.php?rest_route=\/wp\/v2\/posts\/5464","targetHints":{"allow":["GET"]}}],"collection":[{"href":"https:\/\/oexpressobr.com.br\/index.php?rest_route=\/wp\/v2\/posts"}],"about":[{"href":"https:\/\/oexpressobr.com.br\/index.php?rest_route=\/wp\/v2\/types\/post"}],"author":[{"embeddable":true,"href":"https:\/\/oexpressobr.com.br\/index.php?rest_route=\/wp\/v2\/users\/1"}],"replies":[{"embeddable":true,"href":"https:\/\/oexpressobr.com.br\/index.php?rest_route=%2Fwp%2Fv2%2Fcomments&post=5464"}],"version-history":[{"count":1,"href":"https:\/\/oexpressobr.com.br\/index.php?rest_route=\/wp\/v2\/posts\/5464\/revisions"}],"predecessor-version":[{"id":5466,"href":"https:\/\/oexpressobr.com.br\/index.php?rest_route=\/wp\/v2\/posts\/5464\/revisions\/5466"}],"wp:featuredmedia":[{"embeddable":true,"href":"https:\/\/oexpressobr.com.br\/index.php?rest_route=\/wp\/v2\/media\/5465"}],"wp:attachment":[{"href":"https:\/\/oexpressobr.com.br\/index.php?rest_route=%2Fwp%2Fv2%2Fmedia&parent=5464"}],"wp:term":[{"taxonomy":"category","embeddable":true,"href":"https:\/\/oexpressobr.com.br\/index.php?rest_route=%2Fwp%2Fv2%2Fcategories&post=5464"},{"taxonomy":"post_tag","embeddable":true,"href":"https:\/\/oexpressobr.com.br\/index.php?rest_route=%2Fwp%2Fv2%2Ftags&post=5464"}],"curies":[{"name":"wp","href":"https:\/\/api.w.org\/{rel}","templated":true}]}}