{"id":5470,"date":"2026-03-10T06:59:28","date_gmt":"2026-03-10T09:59:28","guid":{"rendered":"https:\/\/oexpressobr.com.br\/?p=5470"},"modified":"2026-03-10T06:59:38","modified_gmt":"2026-03-10T09:59:38","slug":"mojtaba-khamenei-assume-lideranca-do-ira-sob-ameacas-de-trump-e-retaliacao-militar","status":"publish","type":"post","link":"https:\/\/oexpressobr.com.br\/?p=5470","title":{"rendered":"Mojtaba Khamenei assume lideran\u00e7a do Ir\u00e3 sob amea\u00e7as de Trump e retalia\u00e7\u00e3o militar"},"content":{"rendered":"\n<p class=\"wp-block-paragraph\"><strong>TEER\u00c3<\/strong> \u2013 A Rep\u00fablica Isl\u00e2mica do Ir\u00e3 vive o momento mais dram\u00e1tico de sua hist\u00f3ria recente. Neste domingo (8 de mar\u00e7o de 2026), a Assembleia de Peritos oficializou a nomea\u00e7\u00e3o de <strong>Mojtaba Khamenei<\/strong>, de 56 anos, como o novo L\u00edder Supremo. Ele sucede seu pai, o aiatol\u00e1 <strong>Ali Khamenei<\/strong>, morto no \u00faltimo dia 28 de fevereiro em um bombardeio coordenado pelos Estados Unidos e Israel \u2014 a\u00e7\u00e3o batizada por Washington como &#8220;Opera\u00e7\u00e3o F\u00faria \u00c9pica&#8221;.<\/p>\n\n\n\n<p class=\"wp-block-paragraph\">\u200bA ascens\u00e3o de Mojtaba, o segundo filho do falecido l\u00edder, encerra dias de incerteza e marca uma quebra hist\u00f3rica na tradi\u00e7\u00e3o da Revolu\u00e7\u00e3o de 1979, que teoricamente se opunha \u00e0 sucess\u00e3o heredit\u00e1ria. Cl\u00e9rigo de perfil conservador e com tr\u00e2nsito livre entre a c\u00fapula do <strong>Corpo da Guarda Revolucion\u00e1ria Isl\u00e2mica (CGRI)<\/strong>, Mojtaba assume o comando em meio a uma guerra aberta e uma economia sufocada pelo disparo do petr\u00f3leo, que ultrapassou a marca de US$ 100 por barril.<\/p>\n\n\n\n<h3 class=\"wp-block-heading\">\u200b<strong>Rea\u00e7\u00e3o internacional e amea\u00e7as de Trump<\/strong><\/h3>\n\n\n\n<p class=\"wp-block-paragraph\">\u200bA nomea\u00e7\u00e3o n\u00e3o trouxe al\u00edvio \u00e0s tens\u00f5es. O presidente dos Estados Unidos, <strong>Donald Trump<\/strong>, reagiu imediatamente, classificando o novo l\u00edder como um &#8220;peso morto&#8221; e afirmando que Mojtaba &#8220;n\u00e3o durar\u00e1 muito&#8221; sem a aprova\u00e7\u00e3o de Washington. Em entrevista \u00e0 rede ABC News, Trump condicionou a sobreviv\u00eancia do novo regime a uma rendi\u00e7\u00e3o incondicional ou a uma mudan\u00e7a radical de postura.<\/p>\n\n\n\n<p class=\"wp-block-paragraph\">\u200bEm Israel, o tom foi igualmente b\u00e9lico. Autoridades de defesa j\u00e1 sinalizaram que Mojtaba passou a ser um &#8220;alvo potencial&#8221; dentro da estrat\u00e9gia de decapita\u00e7\u00e3o do comando iraniano.<\/p>\n\n\n\n<h3 class=\"wp-block-heading\">\u200b<strong>O cen\u00e1rio interno: Entre o apoio e o ceticismo<\/strong><\/h3>\n\n\n\n<p class=\"wp-block-paragraph\">\u200bEnquanto setores leais ao governo e membros da Guarda Revolucion\u00e1ria celebraram a escolha nas ruas de Teer\u00e3, vendo em Mojtaba a garantia de continuidade da &#8220;resist\u00eancia&#8221;, uma parcela significativa da popula\u00e7\u00e3o manifesta profunda descren\u00e7a.<\/p>\n\n\n\n<p class=\"wp-block-paragraph\">\u200bEm relatos colhidos pela imprensa internacional, cidad\u00e3os iranianos expressaram que a mudan\u00e7a de nomes n\u00e3o deve significar uma melhoria nas liberdades civis ou na crise inflacion\u00e1ria que castiga o pa\u00eds. &#8220;Eles est\u00e3o apenas trocando o pai pelo filho para manter o controle, enquanto a guerra destr\u00f3i nosso futuro&#8221;, afirmou um morador de Teer\u00e3 sob anonimato.<\/p>\n\n\n\n<h3 class=\"wp-block-heading\">\u200b<strong>Escalada militar no Golfo<\/strong><\/h3>\n\n\n\n<p class=\"wp-block-paragraph\">\u200bNo campo de batalha, a situa\u00e7\u00e3o \u00e9 vol\u00e1til. Ap\u00f3s o an\u00fancio da sucess\u00e3o, o Ir\u00e3 intensificou os lan\u00e7amentos de m\u00edsseis bal\u00edsticos e drones contra alvos no Golfo P\u00e9rsico, atingindo bases americanas e infraestruturas aliadas. Em contrapartida, a coaliz\u00e3o liderada pelos EUA mant\u00e9m o dom\u00ednio do espa\u00e7o a\u00e9reo, tendo j\u00e1 neutralizado grande parte da Marinha e da ind\u00fastria b\u00e9lica iraniana.<\/p>\n\n\n\n<p class=\"wp-block-paragraph\">\u200bCom o Estreito de Ormuz parcialmente bloqueado e o risco de uma guerra civil iminente, o mundo observa com cautela os primeiros passos de Mojtaba Khamenei. Se ele ser\u00e1 o l\u00edder capaz de negociar uma sa\u00edda para a sobreviv\u00eancia do regime ou o \u00faltimo governante antes de um colapso total, \u00e9 a pergunta que domina as chancelarias globais nesta semana.<\/p>\n","protected":false},"excerpt":{"rendered":"<p>TEER\u00c3 \u2013 A Rep\u00fablica Isl\u00e2mica do Ir\u00e3 vive o momento mais dram\u00e1tico de sua hist\u00f3ria recente. Neste domingo (8 de mar\u00e7o de 2026), a Assembleia [&#8230;]<\/p>\n","protected":false},"author":1,"featured_media":5471,"comment_status":"open","ping_status":"open","sticky":false,"template":"","format":"standard","meta":{"_crdt_document":"","_jetpack_memberships_contains_paid_content":false,"footnotes":"","jetpack_publicize_message":"","jetpack_publicize_feature_enabled":true,"jetpack_social_post_already_shared":true,"jetpack_social_options":{"image_generator_settings":{"template":"highway","default_image_id":0,"font":"","enabled":false},"version":2}},"categories":[15],"tags":[],"class_list":["post-5470","post","type-post","status-publish","format-standard","has-post-thumbnail","hentry","category-internacional"],"jetpack_publicize_connections":[],"jetpack_featured_media_url":"https:\/\/i0.wp.com\/oexpressobr.com.br\/wp-content\/uploads\/2026\/03\/IMG-20260310-WA0137.jpg?fit=1080%2C1080&ssl=1","jetpack_likes_enabled":true,"jetpack_sharing_enabled":true,"_links":{"self":[{"href":"https:\/\/oexpressobr.com.br\/index.php?rest_route=\/wp\/v2\/posts\/5470","targetHints":{"allow":["GET"]}}],"collection":[{"href":"https:\/\/oexpressobr.com.br\/index.php?rest_route=\/wp\/v2\/posts"}],"about":[{"href":"https:\/\/oexpressobr.com.br\/index.php?rest_route=\/wp\/v2\/types\/post"}],"author":[{"embeddable":true,"href":"https:\/\/oexpressobr.com.br\/index.php?rest_route=\/wp\/v2\/users\/1"}],"replies":[{"embeddable":true,"href":"https:\/\/oexpressobr.com.br\/index.php?rest_route=%2Fwp%2Fv2%2Fcomments&post=5470"}],"version-history":[{"count":1,"href":"https:\/\/oexpressobr.com.br\/index.php?rest_route=\/wp\/v2\/posts\/5470\/revisions"}],"predecessor-version":[{"id":5472,"href":"https:\/\/oexpressobr.com.br\/index.php?rest_route=\/wp\/v2\/posts\/5470\/revisions\/5472"}],"wp:featuredmedia":[{"embeddable":true,"href":"https:\/\/oexpressobr.com.br\/index.php?rest_route=\/wp\/v2\/media\/5471"}],"wp:attachment":[{"href":"https:\/\/oexpressobr.com.br\/index.php?rest_route=%2Fwp%2Fv2%2Fmedia&parent=5470"}],"wp:term":[{"taxonomy":"category","embeddable":true,"href":"https:\/\/oexpressobr.com.br\/index.php?rest_route=%2Fwp%2Fv2%2Fcategories&post=5470"},{"taxonomy":"post_tag","embeddable":true,"href":"https:\/\/oexpressobr.com.br\/index.php?rest_route=%2Fwp%2Fv2%2Ftags&post=5470"}],"curies":[{"name":"wp","href":"https:\/\/api.w.org\/{rel}","templated":true}]}}