{"id":5480,"date":"2026-03-10T07:16:17","date_gmt":"2026-03-10T10:16:17","guid":{"rendered":"https:\/\/oexpressobr.com.br\/?p=5480"},"modified":"2026-03-10T07:16:27","modified_gmt":"2026-03-10T10:16:27","slug":"ex-subsecretario-do-rio-e-denunciado-por-ameaca-apos-comentario-em-rede-social-sobre-caso-de-estupro-em-copacabana","status":"publish","type":"post","link":"https:\/\/oexpressobr.com.br\/?p=5480","title":{"rendered":"Ex-subsecret\u00e1rio do Rio \u00e9 denunciado por amea\u00e7a ap\u00f3s coment\u00e1rio em rede social sobre caso de estupro em Copacabana"},"content":{"rendered":"\n<p class=\"wp-block-paragraph\">\u200bO ex-subsecret\u00e1rio de Infraestrutura e Obras do Rio de Janeiro, <strong>Jos\u00e9 Carlos Costa Simonin<\/strong>, tornou-se alvo de uma den\u00fancia por amea\u00e7a e importuna\u00e7\u00e3o. O caso ocorreu ap\u00f3s Simonin interagir de forma agressiva com uma mulher que comentava, em suas redes sociais, sobre o estupro coletivo ocorrido em Copacabana.<\/p>\n\n\n\n<p class=\"wp-block-paragraph\">\u200bSimonin \u00e9 pai de <strong>Vitor Hugo Oliveira Simonin<\/strong>, de 18 anos, um dos jovens presos preventivamente na \u00faltima semana sob a acusa\u00e7\u00e3o de participar do crime contra uma turista chilena no Rio de Janeiro.<\/p>\n\n\n\n<h3 class=\"wp-block-heading\">\u200bO teor da mensagem<\/h3>\n\n\n\n<p class=\"wp-block-paragraph\">\u200bA den\u00fancia foi formalizada ap\u00f3s Simonin enviar uma mensagem direta em resposta a um <em>story<\/em> no Instagram da v\u00edtima. No coment\u00e1rio, ele escreveu:<\/p>\n\n\n\n<blockquote class=\"wp-block-quote is-layout-flow wp-block-quote-is-layout-flow\">\n<p class=\"wp-block-paragraph\">\u200b\u201cEla \u00e9 sua filha? \u00c9 a sua cara. Kkk esconde esses peitos, independente\u201d.<\/p>\n<\/blockquote>\n\n\n\n<p class=\"wp-block-paragraph\">\u200bA mulher, que preferiu n\u00e3o ter a identidade revelada, interpretou a fala como uma tentativa de intimida\u00e7\u00e3o e exposi\u00e7\u00e3o de sua fam\u00edlia, especialmente pelo contexto de Simonin ser pai de um dos acusados de um crime sexual de grande repercuss\u00e3o.<\/p>\n\n\n\n<h3 class=\"wp-block-heading\">\u200bContexto das investiga\u00e7\u00f5es<\/h3>\n\n\n\n<p class=\"wp-block-paragraph\">\u200bVitor Hugo, filho do ex-gestor p\u00fablico, foi detido junto a outros jovens. A Pol\u00edcia Civil do Rio de Janeiro investiga a participa\u00e7\u00e3o do grupo no estupro de uma mulher chilena em um apartamento no bairro de Copacabana. De acordo com as investiga\u00e7\u00f5es:<\/p>\n\n\n\n<ul class=\"wp-block-list\">\n<li>\u200b<strong>A pris\u00e3o:<\/strong> Ocorreu ap\u00f3s o cruzamento de imagens de c\u00e2meras de seguran\u00e7a e depoimentos.<\/li>\n\n\n\n<li>\u200b<strong>O envolvimento:<\/strong> Vitor Hugo e outros suspeitos teriam agido em conjunto; a defesa dos acusados nega as irregularidades ou alega consentimento, tese que a pol\u00edcia rebate com base nos exames periciais.<\/li>\n<\/ul>\n\n\n\n<h3 class=\"wp-block-heading\">\u200bRepercuss\u00e3o e Medidas Judiciais<\/h3>\n\n\n\n<p class=\"wp-block-paragraph\">\u200bO comportamento de Jos\u00e9 Carlos Simonin foi classificado por especialistas jur\u00eddicos como uma tentativa de <strong>silenciamento e coa\u00e7\u00e3o<\/strong>. Como ex-ocupante de cargo estrat\u00e9gico no governo estadual, sua postura gera ainda mais press\u00e3o sobre as autoridades para que o caso seja conduzido com total isen\u00e7\u00e3o.<\/p>\n\n\n\n<p class=\"wp-block-paragraph\">\u200bA Pol\u00edcia Civil j\u00e1 recebeu o print da conversa e deve intimar o ex-subsecret\u00e1rio para prestar esclarecimentos nos pr\u00f3ximos dias.<\/p>\n","protected":false},"excerpt":{"rendered":"<p>\u200bO ex-subsecret\u00e1rio de Infraestrutura e Obras do Rio de Janeiro, Jos\u00e9 Carlos Costa Simonin, tornou-se alvo de uma den\u00fancia por amea\u00e7a e importuna\u00e7\u00e3o. O caso [&#8230;]<\/p>\n","protected":false},"author":1,"featured_media":5481,"comment_status":"open","ping_status":"open","sticky":false,"template":"","format":"standard","meta":{"_crdt_document":"","_jetpack_memberships_contains_paid_content":false,"footnotes":"","jetpack_publicize_message":"","jetpack_publicize_feature_enabled":true,"jetpack_social_post_already_shared":true,"jetpack_social_options":{"image_generator_settings":{"template":"highway","default_image_id":0,"font":"","enabled":false},"version":2}},"categories":[9],"tags":[],"class_list":["post-5480","post","type-post","status-publish","format-standard","has-post-thumbnail","hentry","category-policia"],"jetpack_publicize_connections":[],"jetpack_featured_media_url":"https:\/\/i0.wp.com\/oexpressobr.com.br\/wp-content\/uploads\/2026\/03\/IMG-20260310-WA0139.jpg?fit=631%2C352&ssl=1","jetpack_likes_enabled":true,"jetpack_sharing_enabled":true,"_links":{"self":[{"href":"https:\/\/oexpressobr.com.br\/index.php?rest_route=\/wp\/v2\/posts\/5480","targetHints":{"allow":["GET"]}}],"collection":[{"href":"https:\/\/oexpressobr.com.br\/index.php?rest_route=\/wp\/v2\/posts"}],"about":[{"href":"https:\/\/oexpressobr.com.br\/index.php?rest_route=\/wp\/v2\/types\/post"}],"author":[{"embeddable":true,"href":"https:\/\/oexpressobr.com.br\/index.php?rest_route=\/wp\/v2\/users\/1"}],"replies":[{"embeddable":true,"href":"https:\/\/oexpressobr.com.br\/index.php?rest_route=%2Fwp%2Fv2%2Fcomments&post=5480"}],"version-history":[{"count":1,"href":"https:\/\/oexpressobr.com.br\/index.php?rest_route=\/wp\/v2\/posts\/5480\/revisions"}],"predecessor-version":[{"id":5482,"href":"https:\/\/oexpressobr.com.br\/index.php?rest_route=\/wp\/v2\/posts\/5480\/revisions\/5482"}],"wp:featuredmedia":[{"embeddable":true,"href":"https:\/\/oexpressobr.com.br\/index.php?rest_route=\/wp\/v2\/media\/5481"}],"wp:attachment":[{"href":"https:\/\/oexpressobr.com.br\/index.php?rest_route=%2Fwp%2Fv2%2Fmedia&parent=5480"}],"wp:term":[{"taxonomy":"category","embeddable":true,"href":"https:\/\/oexpressobr.com.br\/index.php?rest_route=%2Fwp%2Fv2%2Fcategories&post=5480"},{"taxonomy":"post_tag","embeddable":true,"href":"https:\/\/oexpressobr.com.br\/index.php?rest_route=%2Fwp%2Fv2%2Ftags&post=5480"}],"curies":[{"name":"wp","href":"https:\/\/api.w.org\/{rel}","templated":true}]}}