{"id":5483,"date":"2026-03-10T07:21:22","date_gmt":"2026-03-10T10:21:22","guid":{"rendered":"https:\/\/oexpressobr.com.br\/?p=5483"},"modified":"2026-03-10T07:21:31","modified_gmt":"2026-03-10T10:21:31","slug":"justica-torna-reus-ex-marido-de-maria-da-penha-e-influenciadores-por-ataques-a-honra-da-ativista","status":"publish","type":"post","link":"https:\/\/oexpressobr.com.br\/?p=5483","title":{"rendered":"Justi\u00e7a torna r\u00e9us ex-marido de Maria da Penha e influenciadores por ataques \u00e0 honra da ativista"},"content":{"rendered":"\n<p class=\"wp-block-paragraph\">\u200bA Justi\u00e7a do Cear\u00e1 deu um passo decisivo no combate \u00e0 desinforma\u00e7\u00e3o e \u00e0 viol\u00eancia psicol\u00f3gica ao aceitar a den\u00fancia do Minist\u00e9rio P\u00fablico contra quatro homens acusados de integrar uma rede dedicada a difamar a farmac\u00eautica <strong>Maria da Penha<\/strong>. O grupo \u00e9 investigado por disseminar narrativas falsas que visam descredibilizar a hist\u00f3ria da mulher que deu nome \u00e0 principal lei de prote\u00e7\u00e3o feminina no Brasil.<\/p>\n\n\n\n<h3 class=\"wp-block-heading\">\u200bOs envolvidos no processo<\/h3>\n\n\n\n<p class=\"wp-block-paragraph\">\u200bA decis\u00e3o coloca no banco dos r\u00e9us figuras centrais de uma estrat\u00e9gia de revis\u00e3o hist\u00f3rica do caso ocorrido em 1983:<\/p>\n\n\n\n<ul class=\"wp-block-list\">\n<li>\u200b<strong>Marco Ant\u00f4nio Heredia Viveiros:<\/strong> Ex-marido de Maria da Penha, condenado por duas tentativas de feminic\u00eddio contra ela.<\/li>\n\n\n\n<li>\u200b<strong>Alexandre Gon\u00e7alves de Paiva:<\/strong> Influenciador digital.<\/li>\n\n\n\n<li>\u200b<strong>Marcus Vin\u00edcius Mantovanelli e Henrique Barros Lesina Zingano:<\/strong> Respectivamente, produtor e editor do document\u00e1rio &#8220;A Investiga\u00e7\u00e3o Paralela: o Caso Maria da Penha&#8221;.<\/li>\n<\/ul>\n\n\n\n<h3 class=\"wp-block-heading\">\u200bO contexto da den\u00fancia<\/h3>\n\n\n\n<p class=\"wp-block-paragraph\">\u200bO cerne da acusa\u00e7\u00e3o gira em torno da produ\u00e7\u00e3o e propaga\u00e7\u00e3o de conte\u00fados que sugerem que Maria da Penha teria forjado os atentados que a deixaram parapl\u00e9gica. A pe\u00e7a documental citada no processo \u00e9 um dos principais pilares dessa narrativa, utilizando recortes seletivos para sustentar uma vers\u00e3o que contraria as decis\u00f5es judiciais transitadas em julgado e o reconhecimento internacional do caso pela Comiss\u00e3o Interamericana de Direitos Humanos.<\/p>\n\n\n\n<blockquote class=\"wp-block-quote is-layout-flow wp-block-quote-is-layout-flow\">\n<p class=\"wp-block-paragraph\">\u200b<strong>A relev\u00e2ncia do caso:<\/strong> Esta a\u00e7\u00e3o judicial \u00e9 vista por especialistas como um marco na prote\u00e7\u00e3o de v\u00edtimas de viol\u00eancia dom\u00e9stica contra a &#8220;revitimiza\u00e7\u00e3o&#8221; digital e a propaga\u00e7\u00e3o de <em>fake news<\/em> que tentam apagar conquistas hist\u00f3ricas de direitos humanos.<\/p>\n<\/blockquote>\n\n\n\n<h3 class=\"wp-block-heading\">\u200bImplica\u00e7\u00f5es e pr\u00f3ximos passos<\/h3>\n\n\n\n<p class=\"wp-block-paragraph\">\u200bCom a aceita\u00e7\u00e3o da den\u00fancia, os r\u00e9us responder\u00e3o por crimes que envolvem cal\u00fania e difama\u00e7\u00e3o. O processo corre em um momento em que o Brasil discute intensamente a regula\u00e7\u00e3o de plataformas e a responsabilidade de produtores de conte\u00fado sobre discursos de \u00f3dio e ataques coordenados a figuras p\u00fablicas e s\u00edmbolos de luta social.<\/p>\n","protected":false},"excerpt":{"rendered":"<p>\u200bA Justi\u00e7a do Cear\u00e1 deu um passo decisivo no combate \u00e0 desinforma\u00e7\u00e3o e \u00e0 viol\u00eancia psicol\u00f3gica ao aceitar a den\u00fancia do Minist\u00e9rio P\u00fablico contra quatro [&#8230;]<\/p>\n","protected":false},"author":1,"featured_media":5484,"comment_status":"open","ping_status":"open","sticky":false,"template":"","format":"standard","meta":{"_crdt_document":"","_jetpack_memberships_contains_paid_content":false,"footnotes":"","jetpack_publicize_message":"","jetpack_publicize_feature_enabled":true,"jetpack_social_post_already_shared":true,"jetpack_social_options":{"image_generator_settings":{"template":"highway","default_image_id":0,"font":"","enabled":false},"version":2}},"categories":[8],"tags":[],"class_list":["post-5483","post","type-post","status-publish","format-standard","has-post-thumbnail","hentry","category-judiciario"],"jetpack_publicize_connections":[],"jetpack_featured_media_url":"https:\/\/i0.wp.com\/oexpressobr.com.br\/wp-content\/uploads\/2026\/03\/IMG-20260310-WA0141.jpg?fit=292%2C379&ssl=1","jetpack_likes_enabled":true,"jetpack_sharing_enabled":true,"_links":{"self":[{"href":"https:\/\/oexpressobr.com.br\/index.php?rest_route=\/wp\/v2\/posts\/5483","targetHints":{"allow":["GET"]}}],"collection":[{"href":"https:\/\/oexpressobr.com.br\/index.php?rest_route=\/wp\/v2\/posts"}],"about":[{"href":"https:\/\/oexpressobr.com.br\/index.php?rest_route=\/wp\/v2\/types\/post"}],"author":[{"embeddable":true,"href":"https:\/\/oexpressobr.com.br\/index.php?rest_route=\/wp\/v2\/users\/1"}],"replies":[{"embeddable":true,"href":"https:\/\/oexpressobr.com.br\/index.php?rest_route=%2Fwp%2Fv2%2Fcomments&post=5483"}],"version-history":[{"count":1,"href":"https:\/\/oexpressobr.com.br\/index.php?rest_route=\/wp\/v2\/posts\/5483\/revisions"}],"predecessor-version":[{"id":5485,"href":"https:\/\/oexpressobr.com.br\/index.php?rest_route=\/wp\/v2\/posts\/5483\/revisions\/5485"}],"wp:featuredmedia":[{"embeddable":true,"href":"https:\/\/oexpressobr.com.br\/index.php?rest_route=\/wp\/v2\/media\/5484"}],"wp:attachment":[{"href":"https:\/\/oexpressobr.com.br\/index.php?rest_route=%2Fwp%2Fv2%2Fmedia&parent=5483"}],"wp:term":[{"taxonomy":"category","embeddable":true,"href":"https:\/\/oexpressobr.com.br\/index.php?rest_route=%2Fwp%2Fv2%2Fcategories&post=5483"},{"taxonomy":"post_tag","embeddable":true,"href":"https:\/\/oexpressobr.com.br\/index.php?rest_route=%2Fwp%2Fv2%2Ftags&post=5483"}],"curies":[{"name":"wp","href":"https:\/\/api.w.org\/{rel}","templated":true}]}}