{"id":5486,"date":"2026-03-10T07:26:43","date_gmt":"2026-03-10T10:26:43","guid":{"rendered":"https:\/\/oexpressobr.com.br\/?p=5486"},"modified":"2026-03-10T07:26:54","modified_gmt":"2026-03-10T10:26:54","slug":"homem-e-preso-por-agredir-recepcionista-apos-recusa-de-beijo-no-parana","status":"publish","type":"post","link":"https:\/\/oexpressobr.com.br\/?p=5486","title":{"rendered":"Homem \u00e9 preso por agredir recepcionista ap\u00f3s recusa de beijo no Paran\u00e1"},"content":{"rendered":"\n<p class=\"wp-block-paragraph\">Uma cena de viol\u00eancia gratuita chocou a cidade de Cascavel, no oeste do Paran\u00e1, nos \u00faltimos dias. Um jovem de 24 anos foi preso em flagrante pela Pol\u00edcia Civil ap\u00f3s atacar brutalmente uma recepcionista de 55 anos em seu local de trabalho. O motivo da agress\u00e3o, segundo as investiga\u00e7\u00f5es, teria sido a recusa da v\u00edtima em dar um beijo no agressor.<\/p>\n\n\n\n<h3 class=\"wp-block-heading\">\u200bO desenrolar do crime<\/h3>\n\n\n\n<p class=\"wp-block-paragraph\">\u200bO epis\u00f3dio ocorreu em um estabelecimento comercial onde a v\u00edtima trabalhava. De acordo com os relatos e imagens de c\u00e2meras de seguran\u00e7a, o homem abordou a funcion\u00e1ria com investidas inadequadas. Diante da negativa da mulher, o suspeito invadiu a \u00e1rea restrita:<\/p>\n\n\n\n<ul class=\"wp-block-list\">\n<li>\u200b<strong>Invas\u00e3o:<\/strong> O homem pulou o balc\u00e3o da recep\u00e7\u00e3o para alcan\u00e7ar a v\u00edtima.<\/li>\n\n\n\n<li>\u200b<strong>Agress\u00f5es:<\/strong> Ele desferiu diversos socos e chutes contra a mulher, que n\u00e3o teve chance de defesa imediata.<\/li>\n\n\n\n<li>\u200b<strong>Interven\u00e7\u00e3o:<\/strong> Testemunhas e colegas de trabalho conseguiram conter o agressor at\u00e9 a chegada das autoridades.<\/li>\n<\/ul>\n\n\n\n<h3 class=\"wp-block-heading\">\u200bConsequ\u00eancias jur\u00eddicas<\/h3>\n\n\n\n<p class=\"wp-block-paragraph\">\u200bA Pol\u00edcia Civil do Paran\u00e1 autuou o indiv\u00edduo por <strong>tentativa de homic\u00eddio qualificado<\/strong>. A qualifica\u00e7\u00e3o do crime leva em conta o motivo f\u00fatil e a impossibilidade de defesa da v\u00edtima.<\/p>\n\n\n\n<blockquote class=\"wp-block-quote is-layout-flow wp-block-quote-is-layout-flow\">\n<p class=\"wp-block-paragraph\">\u200b&#8221;A gravidade da conduta e a viol\u00eancia empregada demonstram um total desrespeito \u00e0 integridade f\u00edsica e \u00e0 dignidade da mulher&#8221;, afirmou a autoridade policial respons\u00e1vel pelo caso.<\/p>\n<\/blockquote>\n\n\n\n<p class=\"wp-block-paragraph\">\u200bA v\u00edtima recebeu atendimento m\u00e9dico e, apesar dos ferimentos e do trauma psicol\u00f3gico, seu quadro de sa\u00fade \u00e9 considerado est\u00e1vel. O agressor permanece \u00e0 disposi\u00e7\u00e3o da Justi\u00e7a e pode enfrentar uma pena severa devido \u00e0s qualificadoras do crime.<\/p>\n\n\n\n<h3 class=\"wp-block-heading\">\u200bContexto e seguran\u00e7a da mulher<\/h3>\n\n\n\n<p class=\"wp-block-paragraph\">\u200bEste caso reacende o debate sobre o <strong>ass\u00e9dio no ambiente de trabalho<\/strong> e a viol\u00eancia contra a mulher no Brasil. Dados recentes indicam que o Paran\u00e1 tem intensificado as pol\u00edticas de combate ao feminic\u00eddio e crimes de \u00f3dio contra o g\u00eanero feminino, mas epis\u00f3dios como este mostram que a vigil\u00e2ncia e a puni\u00e7\u00e3o rigorosa continuam sendo fundamentais.<\/p>\n","protected":false},"excerpt":{"rendered":"<p>Uma cena de viol\u00eancia gratuita chocou a cidade de Cascavel, no oeste do Paran\u00e1, nos \u00faltimos dias. Um jovem de 24 anos foi preso em [&#8230;]<\/p>\n","protected":false},"author":1,"featured_media":5487,"comment_status":"open","ping_status":"open","sticky":false,"template":"","format":"standard","meta":{"_crdt_document":"","_jetpack_memberships_contains_paid_content":false,"footnotes":"","jetpack_publicize_message":"","jetpack_publicize_feature_enabled":true,"jetpack_social_post_already_shared":true,"jetpack_social_options":{"image_generator_settings":{"template":"highway","default_image_id":0,"font":"","enabled":false},"version":2}},"categories":[9],"tags":[],"class_list":["post-5486","post","type-post","status-publish","format-standard","has-post-thumbnail","hentry","category-policia"],"jetpack_publicize_connections":[],"jetpack_featured_media_url":"https:\/\/i0.wp.com\/oexpressobr.com.br\/wp-content\/uploads\/2026\/03\/IMG-20260310-WA0140.jpg?fit=1539%2C781&ssl=1","jetpack_likes_enabled":true,"jetpack_sharing_enabled":true,"_links":{"self":[{"href":"https:\/\/oexpressobr.com.br\/index.php?rest_route=\/wp\/v2\/posts\/5486","targetHints":{"allow":["GET"]}}],"collection":[{"href":"https:\/\/oexpressobr.com.br\/index.php?rest_route=\/wp\/v2\/posts"}],"about":[{"href":"https:\/\/oexpressobr.com.br\/index.php?rest_route=\/wp\/v2\/types\/post"}],"author":[{"embeddable":true,"href":"https:\/\/oexpressobr.com.br\/index.php?rest_route=\/wp\/v2\/users\/1"}],"replies":[{"embeddable":true,"href":"https:\/\/oexpressobr.com.br\/index.php?rest_route=%2Fwp%2Fv2%2Fcomments&post=5486"}],"version-history":[{"count":1,"href":"https:\/\/oexpressobr.com.br\/index.php?rest_route=\/wp\/v2\/posts\/5486\/revisions"}],"predecessor-version":[{"id":5488,"href":"https:\/\/oexpressobr.com.br\/index.php?rest_route=\/wp\/v2\/posts\/5486\/revisions\/5488"}],"wp:featuredmedia":[{"embeddable":true,"href":"https:\/\/oexpressobr.com.br\/index.php?rest_route=\/wp\/v2\/media\/5487"}],"wp:attachment":[{"href":"https:\/\/oexpressobr.com.br\/index.php?rest_route=%2Fwp%2Fv2%2Fmedia&parent=5486"}],"wp:term":[{"taxonomy":"category","embeddable":true,"href":"https:\/\/oexpressobr.com.br\/index.php?rest_route=%2Fwp%2Fv2%2Fcategories&post=5486"},{"taxonomy":"post_tag","embeddable":true,"href":"https:\/\/oexpressobr.com.br\/index.php?rest_route=%2Fwp%2Fv2%2Ftags&post=5486"}],"curies":[{"name":"wp","href":"https:\/\/api.w.org\/{rel}","templated":true}]}}