{"id":549,"date":"2025-12-11T07:07:28","date_gmt":"2025-12-11T10:07:28","guid":{"rendered":"https:\/\/oexpressobr.com.br\/?p=549"},"modified":"2025-12-11T07:07:29","modified_gmt":"2025-12-11T10:07:29","slug":"requiao-filho-expoe-prejuizos-em-pagamentos-e-governo-do-parana-promete-corrigir-distorcoes-no-programa-leite-das-criancas","status":"publish","type":"post","link":"https:\/\/oexpressobr.com.br\/?p=549","title":{"rendered":"Requi\u00e3o Filho exp\u00f5e preju\u00edzos em pagamentos e governo do paran\u00e1 promete corrigir distor\u00e7\u00f5es no programa leite das crian\u00e7as"},"content":{"rendered":"\n<p class=\"wp-block-paragraph\">O <strong>Governo do Paran\u00e1<\/strong> reconheceu a necessidade de aperfei\u00e7oar a fiscaliza\u00e7\u00e3o e a transpar\u00eancia no <strong>Programa Leite das Crian\u00e7as (PLC)<\/strong> ap\u00f3s ser questionado pelo deputado estadual <strong>Requi\u00e3o Filho (PDT)<\/strong> sobre den\u00fancias de que produtores estariam recebendo valores significativamente abaixo do pre\u00e7o de refer\u00eancia. Em requerimento, o parlamentar cobrou a revis\u00e3o imediata da pol\u00edtica de pre\u00e7os, alegando que os pagamentos chegam a ser <strong>25% inferiores<\/strong> ao valor estipulado pelo Conseleite\/PR.<\/p>\n\n\n\n<h3 class=\"wp-block-heading\">\u200b\ud83e\udd5b Preju\u00edzos aos produtores e a promessa de um novo edital<\/h3>\n\n\n\n<p class=\"wp-block-paragraph\">\u200bAs den\u00fancias que motivaram a a\u00e7\u00e3o de Requi\u00e3o Filho indicam que o monitoramento dos valores pagos pelas usinas credenciadas n\u00e3o est\u00e1 sendo efetivo. O deputado citou casos em que o valor por litro de leite foi inferior a R1,80, enquanto a refer\u00eancia superava R2,40.<\/p>\n\n\n\n<blockquote class=\"wp-block-quote is-layout-flow wp-block-quote-is-layout-flow\">\n<p class=\"wp-block-paragraph\">\u200b&#8221;Sabemos de casos em que o valor pago por litro de leite foi inferior a R1,80, mesmo que a refer\u00eancia fosse superior a R2,40. N\u00e3o \u00e9 um pagamento justo e n\u00e3o podemos aceitar que continue sendo praticado\u201d, explica Requi\u00e3o Filho.<\/p>\n<\/blockquote>\n\n\n\n<p class=\"wp-block-paragraph\">\u200bEm resposta, o governo admitiu a necessidade de &#8220;aperfei\u00e7oamento dos instrumentos de fiscaliza\u00e7\u00e3o e transpar\u00eancia&#8221; para garantir uma <strong>remunera\u00e7\u00e3o justa<\/strong> aos mais de 2,6 mil produtores rurais envolvidos no programa. A grande novidade anunciada pelo Executivo \u00e9 a previs\u00e3o de um <strong>novo edital para o primeiro semestre de 2026<\/strong>.<\/p>\n\n\n\n<p class=\"wp-block-paragraph\">\u200bO novo edital dever\u00e1:<\/p>\n\n\n\n<ul class=\"wp-block-list\">\n<li>\u200bExplicitando de forma mais detalhada e objetiva as regras de repasse dos valores.<\/li>\n\n\n\n<li>\u200bPrever uma <strong>margem m\u00ednima obrigat\u00f3ria de remunera\u00e7\u00e3o<\/strong> aos produtores.<\/li>\n\n\n\n<li>\u200bUtilizar os par\u00e2metros definidos nas resolu\u00e7\u00f5es do Conseleite\/PR.<\/li>\n<\/ul>\n\n\n\n<p class=\"wp-block-paragraph\">\u200bRequi\u00e3o Filho refor\u00e7a que essa revis\u00e3o \u00e9 urgente para trazer maior estabilidade e previsibilidade \u00e0s fam\u00edlias que dependem da produ\u00e7\u00e3o leiteira, e v\u00ea a resposta do governo como um <strong>resultado direto de sua cobran\u00e7a<\/strong>.<\/p>\n\n\n\n<h3 class=\"wp-block-heading\">\u200b\ud83d\udd0d Impacto Social e a fun\u00e7\u00e3o de fiscaliza\u00e7\u00e3o<\/h3>\n\n\n\n<p class=\"wp-block-paragraph\">\u200bO Programa Leite das Crian\u00e7as \u00e9 uma pol\u00edtica p\u00fablica essencial no Paran\u00e1, focada no combate \u00e0 desnutri\u00e7\u00e3o infantil e que atualmente beneficia cerca de <strong>100 mil crian\u00e7as<\/strong>. No entanto, a efic\u00e1cia do programa depende da sustentabilidade da cadeia produtiva.<\/p>\n\n\n\n<p class=\"wp-block-paragraph\">\u200bO deputado Requi\u00e3o Filho destaca o duplo impacto social do PLC:<\/p>\n\n\n\n<blockquote class=\"wp-block-quote is-layout-flow wp-block-quote-is-layout-flow\">\n<p class=\"wp-block-paragraph\">\u200b&#8221;A pol\u00edtica p\u00fablica existe para trazer dignidade \u00e0s pessoas, desde as 100 mil crian\u00e7as que recebem o leite, at\u00e9 os mais de 2,6 mil produtores que trabalham diariamente para que isso aconte\u00e7a. Meu papel \u00e9 fiscalizar se o governo do Paran\u00e1 est\u00e1 fazendo o que deve ser feito\u201d, conclui o parlamentar.<\/p>\n<\/blockquote>\n\n\n\n<p class=\"wp-block-paragraph\">\u200bApesar da alega\u00e7\u00e3o do governo de que as usinas t\u00eam a obriga\u00e7\u00e3o de encaminhar os valores pagos mensalmente, as den\u00fancias indicam a falha nesse monitoramento. A promessa de um controle mais efetivo no pr\u00f3ximo edital representa, para o deputado, uma <strong>&#8220;vit\u00f3ria dos produtores&#8221;<\/strong> e um passo em dire\u00e7\u00e3o a um programa mais equilibrado e justo para todos os envolvidos.<\/p>\n","protected":false},"excerpt":{"rendered":"<p>O Governo do Paran\u00e1 reconheceu a necessidade de aperfei\u00e7oar a fiscaliza\u00e7\u00e3o e a transpar\u00eancia no Programa Leite das Crian\u00e7as (PLC) ap\u00f3s ser questionado pelo deputado [&#8230;]<\/p>\n","protected":false},"author":1,"featured_media":550,"comment_status":"open","ping_status":"open","sticky":false,"template":"","format":"standard","meta":{"_crdt_document":"","_jetpack_memberships_contains_paid_content":false,"footnotes":"","jetpack_publicize_message":"","jetpack_publicize_feature_enabled":true,"jetpack_social_post_already_shared":false,"jetpack_social_options":{"image_generator_settings":{"template":"highway","default_image_id":0,"font":"","enabled":false},"version":2}},"categories":[5],"tags":[],"class_list":["post-549","post","type-post","status-publish","format-standard","has-post-thumbnail","hentry","category-parana"],"jetpack_publicize_connections":[],"jetpack_featured_media_url":"https:\/\/i0.wp.com\/oexpressobr.com.br\/wp-content\/uploads\/2025\/12\/whatsapp-image-2024-06-18-at-14.29.19.jpeg?fit=924%2C616&ssl=1","jetpack_likes_enabled":true,"jetpack_sharing_enabled":true,"_links":{"self":[{"href":"https:\/\/oexpressobr.com.br\/index.php?rest_route=\/wp\/v2\/posts\/549","targetHints":{"allow":["GET"]}}],"collection":[{"href":"https:\/\/oexpressobr.com.br\/index.php?rest_route=\/wp\/v2\/posts"}],"about":[{"href":"https:\/\/oexpressobr.com.br\/index.php?rest_route=\/wp\/v2\/types\/post"}],"author":[{"embeddable":true,"href":"https:\/\/oexpressobr.com.br\/index.php?rest_route=\/wp\/v2\/users\/1"}],"replies":[{"embeddable":true,"href":"https:\/\/oexpressobr.com.br\/index.php?rest_route=%2Fwp%2Fv2%2Fcomments&post=549"}],"version-history":[{"count":0,"href":"https:\/\/oexpressobr.com.br\/index.php?rest_route=\/wp\/v2\/posts\/549\/revisions"}],"wp:featuredmedia":[{"embeddable":true,"href":"https:\/\/oexpressobr.com.br\/index.php?rest_route=\/wp\/v2\/media\/550"}],"wp:attachment":[{"href":"https:\/\/oexpressobr.com.br\/index.php?rest_route=%2Fwp%2Fv2%2Fmedia&parent=549"}],"wp:term":[{"taxonomy":"category","embeddable":true,"href":"https:\/\/oexpressobr.com.br\/index.php?rest_route=%2Fwp%2Fv2%2Fcategories&post=549"},{"taxonomy":"post_tag","embeddable":true,"href":"https:\/\/oexpressobr.com.br\/index.php?rest_route=%2Fwp%2Fv2%2Ftags&post=549"}],"curies":[{"name":"wp","href":"https:\/\/api.w.org\/{rel}","templated":true}]}}