{"id":5492,"date":"2026-03-10T07:36:34","date_gmt":"2026-03-10T10:36:34","guid":{"rendered":"https:\/\/oexpressobr.com.br\/?p=5492"},"modified":"2026-03-10T07:36:44","modified_gmt":"2026-03-10T10:36:44","slug":"alessandro-vieira-protocola-pedido-de-cpi-para-investigar-moraes-e-toffoli","status":"publish","type":"post","link":"https:\/\/oexpressobr.com.br\/?p=5492","title":{"rendered":"Alessandro Vieira protocola pedido de CPI para investigar Moraes e Toffoli"},"content":{"rendered":"\n<p class=\"wp-block-paragraph\">\u200bO cen\u00e1rio pol\u00edtico em Bras\u00edlia ganhou novos contornos de tens\u00e3o nesta segunda-feira. O senador Alessandro Vieira (Cidadania-SE) oficializou o protocolo de um pedido de Comiss\u00e3o Parlamentar de Inqu\u00e9rito (CPI) \u2014 apelidada nos bastidores de &#8220;CPI da Lava Toga&#8221; \u2014 com o objetivo espec\u00edfico de investigar supostas irregularidades e condutas de ministros do Supremo Tribunal Federal (STF), com foco central em Alexandre de Moraes e Dias Toffoli.<\/p>\n\n\n\n<h3 class=\"wp-block-heading\">\u200bO peso das assinaturas<\/h3>\n\n\n\n<p class=\"wp-block-paragraph\">\u200bO movimento ganhou tra\u00e7\u00e3o ap\u00f3s o parlamentar atingir a marca de <strong>35 assinaturas<\/strong>, superando com folga o m\u00ednimo constitucional de 27 apoios necess\u00e1rios para a abertura de uma investiga\u00e7\u00e3o no Senado Federal. A ades\u00e3o de mais de um ter\u00e7o da casa coloca o presidente do Senado sob press\u00e3o direta para a leitura do requerimento em plen\u00e1rio, passo essencial para a instala\u00e7\u00e3o do colegiado.<\/p>\n\n\n\n<h3 class=\"wp-block-heading\">\u200bOs pilares da investiga\u00e7\u00e3o<\/h3>\n\n\n\n<p class=\"wp-block-paragraph\">\u200bDe acordo com o documento protocolado, a CPI busca apurar o que Vieira classifica como &#8220;ativismo judicial&#8221; e decis\u00f5es que, na vis\u00e3o do grupo de senadores, extrapolam as compet\u00eancias constitucionais dos magistrados. Entre os pontos mencionados, destacam-se:<\/p>\n\n\n\n<ul class=\"wp-block-list\">\n<li>\u200b<strong>Inqu\u00e9ritos sigilosos:<\/strong> A condu\u00e7\u00e3o de processos sem a participa\u00e7\u00e3o direta do Minist\u00e9rio P\u00fablico em etapas cruciais.<\/li>\n\n\n\n<li>\u200b<strong>Decis\u00f5es monocr\u00e1ticas:<\/strong> O impacto de ordens individuais que suspendem leis ou interferem em outros poderes.<\/li>\n\n\n\n<li>\u200b<strong>Rela\u00e7\u00f5es institucionais:<\/strong> Supostos conflitos de interesse em processos de grande relev\u00e2ncia nacional.<\/li>\n<\/ul>\n\n\n\n<h3 class=\"wp-block-heading\">\u200bRea\u00e7\u00f5es e pr\u00f3ximos passos<\/h3>\n\n\n\n<p class=\"wp-block-paragraph\">\u200bA ofensiva do Legislativo contra membros da Suprema Corte aprofunda a crise de harmonia entre os poderes. Enquanto a oposi\u00e7\u00e3o celebra o n\u00famero de assinaturas como uma &#8220;vit\u00f3ria da transpar\u00eancia&#8221;, governistas e juristas pr\u00f3ximos ao STF alertam para o risco de uma crise institucional sem precedentes, argumentando que o Legislativo n\u00e3o possui compet\u00eancia para fiscalizar atos jurisdicionais de ministros.<\/p>\n\n\n\n<p class=\"wp-block-paragraph\">\u200bA decis\u00e3o final sobre o in\u00edcio dos trabalhos agora repousa sobre a mesa da presid\u00eancia do Senado, que deve avaliar a constitucionalidade do objeto da CPI antes de dar o sinal verde para a indica\u00e7\u00e3o dos membros pelos blocos partid\u00e1rios.<\/p>\n","protected":false},"excerpt":{"rendered":"<p>\u200bO cen\u00e1rio pol\u00edtico em Bras\u00edlia ganhou novos contornos de tens\u00e3o nesta segunda-feira. O senador Alessandro Vieira (Cidadania-SE) oficializou o protocolo de um pedido de Comiss\u00e3o [&#8230;]<\/p>\n","protected":false},"author":1,"featured_media":5493,"comment_status":"open","ping_status":"open","sticky":false,"template":"","format":"standard","meta":{"_crdt_document":"","_jetpack_memberships_contains_paid_content":false,"footnotes":"","jetpack_publicize_message":"","jetpack_publicize_feature_enabled":true,"jetpack_social_post_already_shared":true,"jetpack_social_options":{"image_generator_settings":{"template":"highway","default_image_id":0,"font":"","enabled":false},"version":2}},"categories":[3],"tags":[],"class_list":["post-5492","post","type-post","status-publish","format-standard","has-post-thumbnail","hentry","category-brasil"],"jetpack_publicize_connections":[],"jetpack_featured_media_url":"https:\/\/i0.wp.com\/oexpressobr.com.br\/wp-content\/uploads\/2026\/03\/IMG-20260307-WA0143.jpg?fit=1380%2C920&ssl=1","jetpack_likes_enabled":true,"jetpack_sharing_enabled":true,"_links":{"self":[{"href":"https:\/\/oexpressobr.com.br\/index.php?rest_route=\/wp\/v2\/posts\/5492","targetHints":{"allow":["GET"]}}],"collection":[{"href":"https:\/\/oexpressobr.com.br\/index.php?rest_route=\/wp\/v2\/posts"}],"about":[{"href":"https:\/\/oexpressobr.com.br\/index.php?rest_route=\/wp\/v2\/types\/post"}],"author":[{"embeddable":true,"href":"https:\/\/oexpressobr.com.br\/index.php?rest_route=\/wp\/v2\/users\/1"}],"replies":[{"embeddable":true,"href":"https:\/\/oexpressobr.com.br\/index.php?rest_route=%2Fwp%2Fv2%2Fcomments&post=5492"}],"version-history":[{"count":1,"href":"https:\/\/oexpressobr.com.br\/index.php?rest_route=\/wp\/v2\/posts\/5492\/revisions"}],"predecessor-version":[{"id":5494,"href":"https:\/\/oexpressobr.com.br\/index.php?rest_route=\/wp\/v2\/posts\/5492\/revisions\/5494"}],"wp:featuredmedia":[{"embeddable":true,"href":"https:\/\/oexpressobr.com.br\/index.php?rest_route=\/wp\/v2\/media\/5493"}],"wp:attachment":[{"href":"https:\/\/oexpressobr.com.br\/index.php?rest_route=%2Fwp%2Fv2%2Fmedia&parent=5492"}],"wp:term":[{"taxonomy":"category","embeddable":true,"href":"https:\/\/oexpressobr.com.br\/index.php?rest_route=%2Fwp%2Fv2%2Fcategories&post=5492"},{"taxonomy":"post_tag","embeddable":true,"href":"https:\/\/oexpressobr.com.br\/index.php?rest_route=%2Fwp%2Fv2%2Ftags&post=5492"}],"curies":[{"name":"wp","href":"https:\/\/api.w.org\/{rel}","templated":true}]}}