{"id":5505,"date":"2026-03-10T11:03:49","date_gmt":"2026-03-10T14:03:49","guid":{"rendered":"https:\/\/oexpressobr.com.br\/?p=5505"},"modified":"2026-03-10T11:03:57","modified_gmt":"2026-03-10T14:03:57","slug":"primeira-turma-do-stf-inicia-julgamento-por-esquema-de-propina-em-emendas","status":"publish","type":"post","link":"https:\/\/oexpressobr.com.br\/?p=5505","title":{"rendered":"Primeira Turma do STF inicia julgamento por esquema de propina em emendas"},"content":{"rendered":"\n<p class=\"wp-block-paragraph\">\u200bA Primeira Turma do <strong>Supremo Tribunal Federal (STF)<\/strong> deu in\u00edcio, nesta ter\u00e7a-feira (10 de mar\u00e7o de 2026), ao julgamento da a\u00e7\u00e3o penal contra os deputados federais <strong>Josimar Maranh\u00e3ozinho (PL-MA)<\/strong>, <strong>Pastor Gil (PL-MA)<\/strong> e o suplente <strong>Bosco Costa (PL-SE)<\/strong>. Os parlamentares s\u00e3o acusados pela Procuradoria-Geral da Rep\u00fablica (PGR) de integrarem uma organiza\u00e7\u00e3o criminosa que exigia o pagamento de &#8220;ped\u00e1gio&#8221; para a libera\u00e7\u00e3o de recursos do Or\u00e7amento.<\/p>\n\n\n\n<h3 class=\"wp-block-heading\">\u200bDetalhes da acusa\u00e7\u00e3o<\/h3>\n\n\n\n<p class=\"wp-block-paragraph\">\u200bDe acordo com a den\u00fancia oferecida pela PGR, o esquema teria ocorrido entre janeiro e agosto de 2020. Os parlamentares teriam solicitado <strong>R$ 1,6 milh\u00e3o<\/strong> em vantagens indevidas ao ent\u00e3o prefeito de S\u00e3o Jos\u00e9 de Ribamar (MA), Eudes Sampaio.<\/p>\n\n\n\n<p class=\"wp-block-paragraph\">\u200bO valor correspondia a cerca de <strong>25% do montante total<\/strong> de R$ 6,67 milh\u00f5es em emendas parlamentares destinadas ao munic\u00edpio para a \u00e1rea da sa\u00fade. A investiga\u00e7\u00e3o aponta que o grupo atuava de forma estruturada, com divis\u00e3o de tarefas para a cobran\u00e7a e o recebimento dos valores.<\/p>\n\n\n\n<h3 class=\"wp-block-heading\">\u200bOs r\u00e9us e as penas previstas<\/h3>\n\n\n\n<p class=\"wp-block-paragraph\">\u200bAl\u00e9m dos tr\u00eas pol\u00edticos do Partido Liberal, outras cinco pessoas ligadas ao grupo tamb\u00e9m s\u00e3o r\u00e9s no processo. Os principais crimes imputados s\u00e3o:<\/p>\n\n\n\n<ul class=\"wp-block-list\">\n<li>\u200b<strong>Corrup\u00e7\u00e3o passiva:<\/strong> Pena de 2 a 12 anos de reclus\u00e3o, al\u00e9m de multa.<\/li>\n\n\n\n<li>\u200b<strong>Organiza\u00e7\u00e3o criminosa:<\/strong> Pena de 3 a 8 anos de reclus\u00e3o.<\/li>\n<\/ul>\n\n\n\n<p class=\"wp-block-paragraph\">\u200bA PGR solicita ao STF n\u00e3o apenas a condena\u00e7\u00e3o criminal, mas tamb\u00e9m a <strong>perda dos mandatos parlamentares<\/strong> e o pagamento de uma indeniza\u00e7\u00e3o m\u00ednima por danos morais coletivos.<\/p>\n\n\n\n<h3 class=\"wp-block-heading\">\u200bDin\u00e2mica do julgamento no STF<\/h3>\n\n\n\n<p class=\"wp-block-paragraph\">\u200bSob a relatoria do ministro <strong>Cristiano Zanin<\/strong>, a Primeira Turma reservou tr\u00eas sess\u00f5es para analisar o caso: duas nesta ter\u00e7a-feira e a sess\u00e3o final prevista para a manh\u00e3 de quarta-feira (11). O colegiado \u00e9 composto por:<\/p>\n\n\n\n<ul class=\"wp-block-list\">\n<li>\u200bCristiano Zanin (Relator)<\/li>\n\n\n\n<li>\u200bFl\u00e1vio Dino<\/li>\n\n\n\n<li>\u200bAlexandre de Moraes<\/li>\n\n\n\n<li>\u200bC\u00e1rmen L\u00facia<\/li>\n\n\n\n<li>\u200b<strong>Josimar Maranh\u00e3ozinho:<\/strong> Seus advogados afirmam que a den\u00fancia \u00e9 &#8220;fr\u00e1gil e desfundamentada&#8221;.<\/li>\n\n\n\n<li>\u200b<strong>Pastor Gil:<\/strong> A defesa questiona a legalidade das provas, argumentando que a investiga\u00e7\u00e3o deveria ter come\u00e7ado no STF e n\u00e3o na Justi\u00e7a Federal do Maranh\u00e3o.<\/li>\n\n\n\n<li>\u200b<strong>Bosco Costa:<\/strong> Alega que a acusa\u00e7\u00e3o se baseia em &#8220;conjecturas&#8221; e di\u00e1logos de terceiros, pedindo o arquivamento da a\u00e7\u00e3o.<\/li>\n<\/ul>\n","protected":false},"excerpt":{"rendered":"<p>\u200bA Primeira Turma do Supremo Tribunal Federal (STF) deu in\u00edcio, nesta ter\u00e7a-feira (10 de mar\u00e7o de 2026), ao julgamento da a\u00e7\u00e3o penal contra os deputados [&#8230;]<\/p>\n","protected":false},"author":1,"featured_media":5506,"comment_status":"open","ping_status":"open","sticky":false,"template":"","format":"standard","meta":{"_crdt_document":"","_jetpack_memberships_contains_paid_content":false,"footnotes":"","jetpack_publicize_message":"","jetpack_publicize_feature_enabled":true,"jetpack_social_post_already_shared":true,"jetpack_social_options":{"image_generator_settings":{"template":"highway","default_image_id":0,"font":"","enabled":false},"version":2}},"categories":[8],"tags":[],"class_list":["post-5505","post","type-post","status-publish","format-standard","has-post-thumbnail","hentry","category-judiciario"],"jetpack_publicize_connections":[],"jetpack_featured_media_url":"https:\/\/i0.wp.com\/oexpressobr.com.br\/wp-content\/uploads\/2026\/03\/stf_1908200973.webp?fit=1170%2C700&ssl=1","jetpack_likes_enabled":true,"jetpack_sharing_enabled":true,"_links":{"self":[{"href":"https:\/\/oexpressobr.com.br\/index.php?rest_route=\/wp\/v2\/posts\/5505","targetHints":{"allow":["GET"]}}],"collection":[{"href":"https:\/\/oexpressobr.com.br\/index.php?rest_route=\/wp\/v2\/posts"}],"about":[{"href":"https:\/\/oexpressobr.com.br\/index.php?rest_route=\/wp\/v2\/types\/post"}],"author":[{"embeddable":true,"href":"https:\/\/oexpressobr.com.br\/index.php?rest_route=\/wp\/v2\/users\/1"}],"replies":[{"embeddable":true,"href":"https:\/\/oexpressobr.com.br\/index.php?rest_route=%2Fwp%2Fv2%2Fcomments&post=5505"}],"version-history":[{"count":1,"href":"https:\/\/oexpressobr.com.br\/index.php?rest_route=\/wp\/v2\/posts\/5505\/revisions"}],"predecessor-version":[{"id":5507,"href":"https:\/\/oexpressobr.com.br\/index.php?rest_route=\/wp\/v2\/posts\/5505\/revisions\/5507"}],"wp:featuredmedia":[{"embeddable":true,"href":"https:\/\/oexpressobr.com.br\/index.php?rest_route=\/wp\/v2\/media\/5506"}],"wp:attachment":[{"href":"https:\/\/oexpressobr.com.br\/index.php?rest_route=%2Fwp%2Fv2%2Fmedia&parent=5505"}],"wp:term":[{"taxonomy":"category","embeddable":true,"href":"https:\/\/oexpressobr.com.br\/index.php?rest_route=%2Fwp%2Fv2%2Fcategories&post=5505"},{"taxonomy":"post_tag","embeddable":true,"href":"https:\/\/oexpressobr.com.br\/index.php?rest_route=%2Fwp%2Fv2%2Ftags&post=5505"}],"curies":[{"name":"wp","href":"https:\/\/api.w.org\/{rel}","templated":true}]}}