{"id":5509,"date":"2026-03-10T15:04:26","date_gmt":"2026-03-10T18:04:26","guid":{"rendered":"https:\/\/oexpressobr.com.br\/?p=5509"},"modified":"2026-03-10T15:04:37","modified_gmt":"2026-03-10T18:04:37","slug":"bolsonaro-solicita-ao-stf-autorizacao-para-receber-assessor-de-trump-na-prisao","status":"publish","type":"post","link":"https:\/\/oexpressobr.com.br\/?p=5509","title":{"rendered":"Bolsonaro solicita ao STF autoriza\u00e7\u00e3o para receber assessor de Trump na pris\u00e3o"},"content":{"rendered":"\n<p class=\"wp-block-paragraph\">\u200bA defesa do ex-presidente <strong>Jair Bolsonaro<\/strong> protocolou nesta ter\u00e7a-feira, 10 de mar\u00e7o de 2026, um pedido formal ao ministro <strong>Alexandre de Moraes<\/strong>, do Supremo Tribunal Federal (STF), para autorizar a visita de <strong>Darren Beattie<\/strong>, assessor s\u00eanior do governo de <strong>Donald Trump<\/strong> para pol\u00edticas relacionadas ao Brasil. O encontro \u00e9 solicitado em car\u00e1ter excepcional, uma vez que o ex-presidente cumpre pena no Complexo Penitenci\u00e1rio da Papuda, em Bras\u00edlia.<\/p>\n\n\n\n<h3 class=\"wp-block-heading\">\u200bDetalhes do pedido e agenda internacional<\/h3>\n\n\n\n<p class=\"wp-block-paragraph\">\u200bSegundo os advogados de Bolsonaro, o pedido se justifica pela agenda restrita de Beattie, que estar\u00e1 em miss\u00e3o oficial no Brasil e permanecer\u00e1 na capital federal por um curto per\u00edodo. A defesa sugeriu que a visita ocorra na pr\u00f3xima <strong>segunda-feira (16)<\/strong> ou <strong>ter\u00e7a-feira (17)<\/strong>, fora dos dias convencionais de visita\u00e7\u00e3o da unidade prisional (quartas e s\u00e1bados).<\/p>\n\n\n\n<p class=\"wp-block-paragraph\">\u200bAl\u00e9m da entrada do assessor norte-americano, a peti\u00e7\u00e3o requer a presen\u00e7a de um <strong>int\u00e9rprete<\/strong>, justificando que o ex-presidente n\u00e3o possui flu\u00eancia na l\u00edngua inglesa para tratar dos temas diplom\u00e1ticos e pol\u00edticos previstos na conversa.<\/p>\n\n\n\n<h3 class=\"wp-block-heading\">\u200bContexto jur\u00eddico e condena\u00e7\u00e3o<\/h3>\n\n\n\n<p class=\"wp-block-paragraph\">\u200bJair Bolsonaro encontra-se detido na unidade conhecida como &#8220;Papudinha&#8221; ap\u00f3s ser condenado a <strong>27 anos e tr\u00eas meses de pris\u00e3o<\/strong> por tentativa de golpe de Estado. Recentemente, em 5 de mar\u00e7o de 2026, a 1\u00aa Turma do STF confirmou, por unanimidade, a manuten\u00e7\u00e3o do regime fechado, negando pedidos de transfer\u00eancia para pris\u00e3o domiciliar.<\/p>\n\n\n\n<blockquote class=\"wp-block-quote is-layout-flow wp-block-quote-is-layout-flow\">\n<p class=\"wp-block-paragraph\">\u200b<strong>Ponto importante:<\/strong> Darren Beattie, o visitante em quest\u00e3o, \u00e9 uma figura influente na ala conservadora dos EUA e j\u00e1 fez cr\u00edticas p\u00fablicas ao Judici\u00e1rio brasileiro, chegando a classificar o ministro Alexandre de Moraes como &#8220;arquiteto da censura&#8221; em publica\u00e7\u00f5es anteriores.<\/p>\n<\/blockquote>\n\n\n\n<h3 class=\"wp-block-heading\">\u200bHist\u00f3rico de visitas e restri\u00e7\u00f5es<\/h3>\n\n\n\n<p class=\"wp-block-paragraph\">\u200bDesde o in\u00edcio de sua deten\u00e7\u00e3o, as visitas ao ex-presidente t\u00eam sido rigidamente controladas pelo STF. No entanto, Moraes j\u00e1 abriu precedentes anteriores:<\/p>\n\n\n\n<ul class=\"wp-block-list\">\n<li>\u200b<strong>Aliados pol\u00edticos:<\/strong> Parlamentares como o senador Carlos Portinho e o deputado Nikolas Ferreira receberam autoriza\u00e7\u00e3o em meses passados.<\/li>\n\n\n\n<li>\u200b<strong>Assist\u00eancia:<\/strong> Visitas m\u00e9dicas particulares e entrega de refei\u00e7\u00f5es espec\u00edficas tamb\u00e9m foram permitidas sob condi\u00e7\u00f5es rigorosas.<\/li>\n<\/ul>\n\n\n\n<p class=\"wp-block-paragraph\">\u200bAt\u00e9 o momento, o ministro Alexandre de Moraes n\u00e3o emitiu uma decis\u00e3o sobre o encontro com o assessor de Trump, aguardando possivelmente um parecer da Procuradoria-Geral da Rep\u00fablica (PGR).<\/p>\n","protected":false},"excerpt":{"rendered":"<p>\u200bA defesa do ex-presidente Jair Bolsonaro protocolou nesta ter\u00e7a-feira, 10 de mar\u00e7o de 2026, um pedido formal ao ministro Alexandre de Moraes, do Supremo Tribunal [&#8230;]<\/p>\n","protected":false},"author":1,"featured_media":5510,"comment_status":"open","ping_status":"open","sticky":false,"template":"","format":"standard","meta":{"_crdt_document":"","_jetpack_memberships_contains_paid_content":false,"footnotes":"","jetpack_publicize_message":"","jetpack_publicize_feature_enabled":true,"jetpack_social_post_already_shared":true,"jetpack_social_options":{"image_generator_settings":{"template":"highway","default_image_id":0,"font":"","enabled":false},"version":2}},"categories":[3],"tags":[],"class_list":["post-5509","post","type-post","status-publish","format-standard","has-post-thumbnail","hentry","category-brasil"],"jetpack_publicize_connections":[],"jetpack_featured_media_url":"https:\/\/i0.wp.com\/oexpressobr.com.br\/wp-content\/uploads\/2026\/03\/1787627_big-darren-bettie.webp?fit=1170%2C700&ssl=1","jetpack_likes_enabled":true,"jetpack_sharing_enabled":true,"_links":{"self":[{"href":"https:\/\/oexpressobr.com.br\/index.php?rest_route=\/wp\/v2\/posts\/5509","targetHints":{"allow":["GET"]}}],"collection":[{"href":"https:\/\/oexpressobr.com.br\/index.php?rest_route=\/wp\/v2\/posts"}],"about":[{"href":"https:\/\/oexpressobr.com.br\/index.php?rest_route=\/wp\/v2\/types\/post"}],"author":[{"embeddable":true,"href":"https:\/\/oexpressobr.com.br\/index.php?rest_route=\/wp\/v2\/users\/1"}],"replies":[{"embeddable":true,"href":"https:\/\/oexpressobr.com.br\/index.php?rest_route=%2Fwp%2Fv2%2Fcomments&post=5509"}],"version-history":[{"count":1,"href":"https:\/\/oexpressobr.com.br\/index.php?rest_route=\/wp\/v2\/posts\/5509\/revisions"}],"predecessor-version":[{"id":5511,"href":"https:\/\/oexpressobr.com.br\/index.php?rest_route=\/wp\/v2\/posts\/5509\/revisions\/5511"}],"wp:featuredmedia":[{"embeddable":true,"href":"https:\/\/oexpressobr.com.br\/index.php?rest_route=\/wp\/v2\/media\/5510"}],"wp:attachment":[{"href":"https:\/\/oexpressobr.com.br\/index.php?rest_route=%2Fwp%2Fv2%2Fmedia&parent=5509"}],"wp:term":[{"taxonomy":"category","embeddable":true,"href":"https:\/\/oexpressobr.com.br\/index.php?rest_route=%2Fwp%2Fv2%2Fcategories&post=5509"},{"taxonomy":"post_tag","embeddable":true,"href":"https:\/\/oexpressobr.com.br\/index.php?rest_route=%2Fwp%2Fv2%2Ftags&post=5509"}],"curies":[{"name":"wp","href":"https:\/\/api.w.org\/{rel}","templated":true}]}}