{"id":5513,"date":"2026-03-10T15:10:39","date_gmt":"2026-03-10T18:10:39","guid":{"rendered":"https:\/\/oexpressobr.com.br\/?p=5513"},"modified":"2026-03-10T15:10:49","modified_gmt":"2026-03-10T18:10:49","slug":"lula-e-netumbo-nadi-ndaitwah-articulam-alianca-estrategica-em-energia-e-defesa","status":"publish","type":"post","link":"https:\/\/oexpressobr.com.br\/?p=5513","title":{"rendered":"Lula e Netumbo Nadi-Ndaitwah articulam alian\u00e7a estrat\u00e9gica em energia e defesa"},"content":{"rendered":"\n<p class=\"wp-block-paragraph\">\u200bO presidente Luiz In\u00e1cio Lula da Silva e a presidente da Nam\u00edbia, Netumbo Nadi-Ndaitwah, realizaram uma confer\u00eancia telef\u00f4nica nesta ter\u00e7a-feira (10) para discutir o aprofundamento das rela\u00e7\u00f5es bilaterais, com foco central na transi\u00e7\u00e3o energ\u00e9tica e na coopera\u00e7\u00e3o militar. O di\u00e1logo ocorre em um momento em que gigantes brasileiras, como a Petrobras, buscam expandir sua presen\u00e7a no mercado africano.<\/p>\n\n\n\n<p class=\"wp-block-paragraph\">\u200bDurante a conversa, Lula destacou a colabora\u00e7\u00e3o hist\u00f3rica entre as marinhas dos dois pa\u00edses como um modelo bem-sucedido de integra\u00e7\u00e3o &#8220;Sul-Sul&#8221;. O presidente brasileiro refor\u00e7ou o interesse em ampliar os investimentos em setores de ponta, como o hidrog\u00eanio verde \u2014 \u00e1rea em que a Nam\u00edbia pretende se tornar l\u00edder global \u2014 e a explora\u00e7\u00e3o de petr\u00f3leo e g\u00e1s em \u00e1guas profundas.<\/p>\n\n\n\n<p class=\"wp-block-paragraph\">\u200b<strong>Aposta no pr\u00e9-sal africano<\/strong><\/p>\n\n\n\n<p class=\"wp-block-paragraph\">O movimento diplom\u00e1tico acompanha decis\u00f5es estrat\u00e9gicas de mercado. Recentemente, em fevereiro de 2026, a Petrobras anunciou a aquisi\u00e7\u00e3o de uma participa\u00e7\u00e3o de 42,5% em um bloco explorat\u00f3rio offshore na Nam\u00edbia, em cons\u00f3rcio com a TotalEnergies. O projeto faz parte do Plano Estrat\u00e9gico 2026-2030 da estatal brasileira, que visa diversificar seu portf\u00f3lio internacional em \u00e1reas com potencial geol\u00f3gico semelhante ao do pr\u00e9-sal brasileiro.<\/p>\n\n\n\n<p class=\"wp-block-paragraph\">\u200bApesar do otimismo, o acordo ainda enfrenta tr\u00e2mites burocr\u00e1ticos locais. O governo namibiano ressaltou que a transa\u00e7\u00e3o aguarda aprova\u00e7\u00e3o regulat\u00f3ria final conforme a nova legisla\u00e7\u00e3o de transpar\u00eancia fiscal do pa\u00eds.<\/p>\n\n\n\n<p class=\"wp-block-paragraph\">\u200b<strong>Hidrog\u00eanio verde e visitas oficiais<\/strong><\/p>\n\n\n\n<p class=\"wp-block-paragraph\">Al\u00e9m dos combust\u00edveis f\u00f3sseis, a pauta ambiental foi dominante. A Nam\u00edbia tem atra\u00eddo aten\u00e7\u00e3o internacional com projetos que podem elevar seu PIB em at\u00e9 30% por meio da exporta\u00e7\u00e3o de hidrog\u00eanio renov\u00e1vel. Lula manifestou que o Brasil, sendo uma &#8220;pot\u00eancia de energia renov\u00e1vel&#8221;, possui sinergias naturais para parcerias t\u00e9cnicas e comerciais com o pa\u00eds africano.<\/p>\n\n\n\n<p class=\"wp-block-paragraph\">\u200bAo final do contato, os dois l\u00edderes acordaram a organiza\u00e7\u00e3o de visitas oficiais a Bras\u00edlia e Windhoek ainda este ano. A aproxima\u00e7\u00e3o \u00e9 vista pelo Pal\u00e1cio do Planalto como um passo essencial para fortalecer a influ\u00eancia brasileira no continente africano e garantir seguran\u00e7a energ\u00e9tica em um cen\u00e1rio global de transi\u00e7\u00e3o.<\/p>\n","protected":false},"excerpt":{"rendered":"<p>\u200bO presidente Luiz In\u00e1cio Lula da Silva e a presidente da Nam\u00edbia, Netumbo Nadi-Ndaitwah, realizaram uma confer\u00eancia telef\u00f4nica nesta ter\u00e7a-feira (10) para discutir o aprofundamento [&#8230;]<\/p>\n","protected":false},"author":1,"featured_media":5514,"comment_status":"open","ping_status":"open","sticky":false,"template":"","format":"standard","meta":{"_crdt_document":"","_jetpack_memberships_contains_paid_content":false,"footnotes":"","jetpack_publicize_message":"","jetpack_publicize_feature_enabled":true,"jetpack_social_post_already_shared":true,"jetpack_social_options":{"image_generator_settings":{"template":"highway","default_image_id":0,"font":"","enabled":false},"version":2}},"categories":[3],"tags":[],"class_list":["post-5513","post","type-post","status-publish","format-standard","has-post-thumbnail","hentry","category-brasil"],"jetpack_publicize_connections":[],"jetpack_featured_media_url":"https:\/\/i0.wp.com\/oexpressobr.com.br\/wp-content\/uploads\/2026\/03\/dr.-netumbo-nandi-ndaitwah.webp?fit=1170%2C700&ssl=1","jetpack_likes_enabled":true,"jetpack_sharing_enabled":true,"_links":{"self":[{"href":"https:\/\/oexpressobr.com.br\/index.php?rest_route=\/wp\/v2\/posts\/5513","targetHints":{"allow":["GET"]}}],"collection":[{"href":"https:\/\/oexpressobr.com.br\/index.php?rest_route=\/wp\/v2\/posts"}],"about":[{"href":"https:\/\/oexpressobr.com.br\/index.php?rest_route=\/wp\/v2\/types\/post"}],"author":[{"embeddable":true,"href":"https:\/\/oexpressobr.com.br\/index.php?rest_route=\/wp\/v2\/users\/1"}],"replies":[{"embeddable":true,"href":"https:\/\/oexpressobr.com.br\/index.php?rest_route=%2Fwp%2Fv2%2Fcomments&post=5513"}],"version-history":[{"count":1,"href":"https:\/\/oexpressobr.com.br\/index.php?rest_route=\/wp\/v2\/posts\/5513\/revisions"}],"predecessor-version":[{"id":5515,"href":"https:\/\/oexpressobr.com.br\/index.php?rest_route=\/wp\/v2\/posts\/5513\/revisions\/5515"}],"wp:featuredmedia":[{"embeddable":true,"href":"https:\/\/oexpressobr.com.br\/index.php?rest_route=\/wp\/v2\/media\/5514"}],"wp:attachment":[{"href":"https:\/\/oexpressobr.com.br\/index.php?rest_route=%2Fwp%2Fv2%2Fmedia&parent=5513"}],"wp:term":[{"taxonomy":"category","embeddable":true,"href":"https:\/\/oexpressobr.com.br\/index.php?rest_route=%2Fwp%2Fv2%2Fcategories&post=5513"},{"taxonomy":"post_tag","embeddable":true,"href":"https:\/\/oexpressobr.com.br\/index.php?rest_route=%2Fwp%2Fv2%2Ftags&post=5513"}],"curies":[{"name":"wp","href":"https:\/\/api.w.org\/{rel}","templated":true}]}}