{"id":5519,"date":"2026-03-10T15:23:56","date_gmt":"2026-03-10T18:23:56","guid":{"rendered":"https:\/\/oexpressobr.com.br\/?p=5519"},"modified":"2026-03-10T15:24:05","modified_gmt":"2026-03-10T18:24:05","slug":"mulher-morre-apos-janela-de-onibus-se-soltar-e-arremessar-passageira-em-rodovia","status":"publish","type":"post","link":"https:\/\/oexpressobr.com.br\/?p=5519","title":{"rendered":"Mulher morre ap\u00f3s janela de \u00f4nibus se soltar e arremessar passageira em rodovia"},"content":{"rendered":"\n<p class=\"wp-block-paragraph\">Uma trag\u00e9dia no litoral norte de S\u00e3o Paulo comoveu a regi\u00e3o e levantou alertas sobre a seguran\u00e7a no transporte p\u00fablico. <strong>Renata Yassu Nakama<\/strong>, de 26 anos, faleceu ap\u00f3s permanecer internada devido a uma queda de um \u00f4nibus em movimento na rodovia Rio-Santos (SP-055). O acidente ocorreu quando a janela em que a passageira estava apoiada se desprendeu totalmente da estrutura do ve\u00edculo.<\/p>\n\n\n\n<h3 class=\"wp-block-heading\">\u200bDetalhes do acidente e imagens de monitoramento<\/h3>\n\n\n\n<p class=\"wp-block-paragraph\">\u200bImagens do circuito interno do coletivo, divulgadas recentemente, mostram a din\u00e2mica do ocorrido no dia 2 de janeiro. Renata embarcou por volta das 12h15 e, devido \u00e0 lota\u00e7\u00e3o relatada por ela mesma em mensagens \u00e0 fam\u00edlia, posicionou-se em uma \u00e1rea pr\u00f3xima ao cobrador.<\/p>\n\n\n\n<p class=\"wp-block-paragraph\">\u200bCerca de 15 minutos ap\u00f3s o in\u00edcio da viagem, ao se apoiar no vidro, a estrutura de fixa\u00e7\u00e3o cedeu. A jovem foi lan\u00e7ada para fora do \u00f4nibus, batendo a cabe\u00e7a diretamente no asfalto do acostamento. Ela foi socorrida pelo SAMU e encaminhada ao Hospital Regional do Litoral Norte com <strong>traumatismo craniano severo<\/strong>, mas n\u00e3o resistiu aos ferimentos ap\u00f3s tr\u00eas dias de interna\u00e7\u00e3o.<\/p>\n\n\n\n<h3 class=\"wp-block-heading\">\u200bPosicionamento dos envolvidos<\/h3>\n\n\n\n<p class=\"wp-block-paragraph\">\u200bA ocorr\u00eancia gerou um embate entre a concession\u00e1ria e os relatos de testemunhas:<\/p>\n\n\n\n<ul class=\"wp-block-list\">\n<li>\u200b<strong>Sancetur (Sou S\u00e3o Sebasti\u00e3o):<\/strong> A empresa afirmou em nota que a passageira estava em uma &#8220;\u00e1rea proibida&#8221; e teria pulado a catraca antes do acidente. Alegou ainda que o tac\u00f3grafo indicava velocidade compat\u00edvel com a via e que o ve\u00edculo transportava 77 passageiros, n\u00famero dentro do limite legal.<\/li>\n\n\n\n<li>\u200b<strong>Fam\u00edlia e Testemunhas:<\/strong> Familiares contestam a seguran\u00e7a do ve\u00edculo e refor\u00e7am que Renata enviou mensagens \u00e0 m\u00e3e reclamando que o \u00f4nibus estava &#8220;superlotado&#8221;, o que a teria obrigado a viajar em p\u00e9 em local inseguro.<\/li>\n\n\n\n<li>\u200b<strong>Prefeitura de S\u00e3o Sebasti\u00e3o:<\/strong> Notificou formalmente a empresa para apresentar laudos de manuten\u00e7\u00e3o e registros operacionais. Recentemente, a Justi\u00e7a concedeu uma liminar determinando o pagamento de pens\u00e3o aliment\u00edcia aos dois filhos de Renata, de 6 e 8 anos.<\/li>\n<\/ul>\n\n\n\n<h3 class=\"wp-block-heading\">\u200bInvestiga\u00e7\u00e3o em curso<\/h3>\n\n\n\n<p class=\"wp-block-paragraph\">\u200bO caso est\u00e1 sendo investigado pela Pol\u00edcia Civil de S\u00e3o Sebasti\u00e3o. A per\u00edcia t\u00e9cnica deve determinar se houve <strong>neglig\u00eancia na manuten\u00e7\u00e3o<\/strong> das travas de emerg\u00eancia ou da borracha de veda\u00e7\u00e3o da janela. O Minist\u00e9rio P\u00fablico tamb\u00e9m acompanha o desdobramento para apurar a responsabilidade civil da concession\u00e1ria.<\/p>\n","protected":false},"excerpt":{"rendered":"<p>Uma trag\u00e9dia no litoral norte de S\u00e3o Paulo comoveu a regi\u00e3o e levantou alertas sobre a seguran\u00e7a no transporte p\u00fablico. Renata Yassu Nakama, de 26 [&#8230;]<\/p>\n","protected":false},"author":1,"featured_media":5520,"comment_status":"open","ping_status":"open","sticky":false,"template":"","format":"standard","meta":{"_crdt_document":"","_jetpack_memberships_contains_paid_content":false,"footnotes":"","jetpack_publicize_message":"","jetpack_publicize_feature_enabled":true,"jetpack_social_post_already_shared":true,"jetpack_social_options":{"image_generator_settings":{"template":"highway","default_image_id":0,"font":"","enabled":false},"version":2}},"categories":[46],"tags":[],"class_list":["post-5519","post","type-post","status-publish","format-standard","has-post-thumbnail","hentry","category-cidades"],"jetpack_publicize_connections":[],"jetpack_featured_media_url":"https:\/\/i0.wp.com\/oexpressobr.com.br\/wp-content\/uploads\/2026\/03\/IMG-20260310-WA0339.jpg?fit=1280%2C720&ssl=1","jetpack_likes_enabled":true,"jetpack_sharing_enabled":true,"_links":{"self":[{"href":"https:\/\/oexpressobr.com.br\/index.php?rest_route=\/wp\/v2\/posts\/5519","targetHints":{"allow":["GET"]}}],"collection":[{"href":"https:\/\/oexpressobr.com.br\/index.php?rest_route=\/wp\/v2\/posts"}],"about":[{"href":"https:\/\/oexpressobr.com.br\/index.php?rest_route=\/wp\/v2\/types\/post"}],"author":[{"embeddable":true,"href":"https:\/\/oexpressobr.com.br\/index.php?rest_route=\/wp\/v2\/users\/1"}],"replies":[{"embeddable":true,"href":"https:\/\/oexpressobr.com.br\/index.php?rest_route=%2Fwp%2Fv2%2Fcomments&post=5519"}],"version-history":[{"count":1,"href":"https:\/\/oexpressobr.com.br\/index.php?rest_route=\/wp\/v2\/posts\/5519\/revisions"}],"predecessor-version":[{"id":5521,"href":"https:\/\/oexpressobr.com.br\/index.php?rest_route=\/wp\/v2\/posts\/5519\/revisions\/5521"}],"wp:featuredmedia":[{"embeddable":true,"href":"https:\/\/oexpressobr.com.br\/index.php?rest_route=\/wp\/v2\/media\/5520"}],"wp:attachment":[{"href":"https:\/\/oexpressobr.com.br\/index.php?rest_route=%2Fwp%2Fv2%2Fmedia&parent=5519"}],"wp:term":[{"taxonomy":"category","embeddable":true,"href":"https:\/\/oexpressobr.com.br\/index.php?rest_route=%2Fwp%2Fv2%2Fcategories&post=5519"},{"taxonomy":"post_tag","embeddable":true,"href":"https:\/\/oexpressobr.com.br\/index.php?rest_route=%2Fwp%2Fv2%2Ftags&post=5519"}],"curies":[{"name":"wp","href":"https:\/\/api.w.org\/{rel}","templated":true}]}}