{"id":552,"date":"2025-12-11T07:15:19","date_gmt":"2025-12-11T10:15:19","guid":{"rendered":"https:\/\/oexpressobr.com.br\/?p=552"},"modified":"2025-12-11T07:15:20","modified_gmt":"2025-12-11T10:15:20","slug":"ratinho-jr-tenta-inaugurar-acesso-de-ponte-brasil-paraguai-em-foz-do-iguacu-mas-dnit-barra-por-falta-de-condicoes","status":"publish","type":"post","link":"https:\/\/oexpressobr.com.br\/?p=552","title":{"rendered":"Ratinho Jr. Tenta Inaugurar Acesso de Ponte Brasil-Paraguai em Foz do Igua\u00e7u, Mas DNIT Barra por Falta de Condi\u00e7\u00f5es"},"content":{"rendered":"\n<p class=\"wp-block-paragraph\">O <strong>governador do Paran\u00e1, Ratinho Jr. (PSD)<\/strong>, se viu obrigado a cancelar \u00e0s pressas uma cerim\u00f4nia que pretendia realizar para a libera\u00e7\u00e3o do acesso \u00e0 <strong>Segunda Ponte de Integra\u00e7\u00e3o Brasil-Paraguai<\/strong>, conhecida como Perimetral Leste, em Foz do Igua\u00e7u. A tentativa de inaugura\u00e7\u00e3o por conta pr\u00f3pria foi barrada por um <strong>of\u00edcio do Departamento Nacional de Infraestrutura de Transportes (DNIT)<\/strong>, que alegou falta de condi\u00e7\u00f5es t\u00e9cnicas e a necessidade de vistoria na obra para garantir a seguran\u00e7a.<\/p>\n\n\n\n<p class=\"wp-block-paragraph\">\u200bA obra em quest\u00e3o, que conecta a nova ponte sob o Rio Paran\u00e1 (inaugurada em 2022) \u00e0 malha rodovi\u00e1ria federal, \u00e9 de responsabilidade do <strong>Governo Federal<\/strong>, com investimentos que somam cerca de <strong>R$ 727 milh\u00f5es<\/strong>. A atitude do governador de se antecipar e tentar inaugurar a estrutura gerou cr\u00edticas, sendo classificada como uma tentativa de se apropriar da obra do Governo Federal.<\/p>\n\n\n\n<h3 class=\"wp-block-heading\">\u200b Den\u00fancia em Plen\u00e1rio Leva ao Cancelamento<\/h3>\n\n\n\n<p class=\"wp-block-paragraph\">\u200bA situa\u00e7\u00e3o veio \u00e0 tona ap\u00f3s o <strong>Deputado Arilson (PT)<\/strong>, Presidente do PT-PR e l\u00edder da Oposi\u00e7\u00e3o na Assembleia Legislativa, denunciar o ato em plen\u00e1rio. O deputado criticou a postura de Ratinho Jr., acusando-o de ignorar a parceria com o <strong>Governo Lula<\/strong> e de tentar se apoderar indevidamente do m\u00e9rito da constru\u00e7\u00e3o.<\/p>\n\n\n\n<blockquote class=\"wp-block-quote is-layout-flow wp-block-quote-is-layout-flow\">\n<p class=\"wp-block-paragraph\">\u200b&#8221;Denunciei em plen\u00e1rio que o governador, al\u00e9m de se apropriar da obra, ignorou a parceria com o Governo Lula e antecipou a inaugura\u00e7\u00e3o. Isso j\u00e1 aconteceu outras vezes e \u00e9 uma falta de respeito. Ap\u00f3s a den\u00fancia, o Governo do Estado cancelou \u00e0s pressas a cerim\u00f4nia!&#8221;, afirmou o Deputado Arilson.<\/p>\n<\/blockquote>\n\n\n\n<p class=\"wp-block-paragraph\">\u200bO cancelamento, feito de forma repentina pela equipe do Governo do Estado, confirmou a interven\u00e7\u00e3o do DNIT e a inviabilidade da abertura da Perimetral Leste no momento pretendido.<\/p>\n\n\n\n<h3 class=\"wp-block-heading\">\u200b Contexto da Obra e Pr\u00f3ximos Passos<\/h3>\n\n\n\n<p class=\"wp-block-paragraph\">\u200bA <strong>Perimetral Leste<\/strong> \u00e9 um dos projetos mais aguardados para a regi\u00e3o de Foz do Igua\u00e7u, prometendo desafogar o tr\u00e2nsito da \u00e1rea central da cidade e facilitar o escoamento de mercadorias entre Brasil e Paraguai. O trecho liga a BR-277 \u00e0 Ponte da Integra\u00e7\u00e3o, sendo fundamental para o pleno funcionamento da estrutura binacional.<\/p>\n\n\n\n<p class=\"wp-block-paragraph\">\u200bApesar da pol\u00eamica pol\u00edtica, a prioridade agora recai sobre a conclus\u00e3o das vistorias e a certifica\u00e7\u00e3o da seguran\u00e7a da via.<\/p>\n\n\n\n<ul class=\"wp-block-list\">\n<li>\u200bO DNIT \u00e9 o \u00f3rg\u00e3o respons\u00e1vel por atestar as condi\u00e7\u00f5es t\u00e9cnicas para a libera\u00e7\u00e3o.<\/li>\n\n\n\n<li>\u200bA obra faz parte de um conjunto de investimentos federais na log\u00edstica de fronteira.<\/li>\n\n\n\n<li>\u200bN\u00e3o h\u00e1 uma nova data oficial para a entrega da Perimetral Leste, que depende do aval t\u00e9cnico do DNIT.<\/li>\n<\/ul>\n","protected":false},"excerpt":{"rendered":"<p>O governador do Paran\u00e1, Ratinho Jr. (PSD), se viu obrigado a cancelar \u00e0s pressas uma cerim\u00f4nia que pretendia realizar para a libera\u00e7\u00e3o do acesso \u00e0 [&#8230;]<\/p>\n","protected":false},"author":1,"featured_media":553,"comment_status":"open","ping_status":"open","sticky":false,"template":"","format":"standard","meta":{"_crdt_document":"","_jetpack_memberships_contains_paid_content":false,"footnotes":"","jetpack_publicize_message":"","jetpack_publicize_feature_enabled":true,"jetpack_social_post_already_shared":false,"jetpack_social_options":{"image_generator_settings":{"template":"highway","default_image_id":0,"font":"","enabled":false},"version":2}},"categories":[5],"tags":[],"class_list":["post-552","post","type-post","status-publish","format-standard","has-post-thumbnail","hentry","category-parana"],"jetpack_publicize_connections":[],"jetpack_featured_media_url":"https:\/\/i0.wp.com\/oexpressobr.com.br\/wp-content\/uploads\/2025\/12\/images5.jpg?fit=679%2C452&ssl=1","jetpack_likes_enabled":true,"jetpack_sharing_enabled":true,"_links":{"self":[{"href":"https:\/\/oexpressobr.com.br\/index.php?rest_route=\/wp\/v2\/posts\/552","targetHints":{"allow":["GET"]}}],"collection":[{"href":"https:\/\/oexpressobr.com.br\/index.php?rest_route=\/wp\/v2\/posts"}],"about":[{"href":"https:\/\/oexpressobr.com.br\/index.php?rest_route=\/wp\/v2\/types\/post"}],"author":[{"embeddable":true,"href":"https:\/\/oexpressobr.com.br\/index.php?rest_route=\/wp\/v2\/users\/1"}],"replies":[{"embeddable":true,"href":"https:\/\/oexpressobr.com.br\/index.php?rest_route=%2Fwp%2Fv2%2Fcomments&post=552"}],"version-history":[{"count":0,"href":"https:\/\/oexpressobr.com.br\/index.php?rest_route=\/wp\/v2\/posts\/552\/revisions"}],"wp:featuredmedia":[{"embeddable":true,"href":"https:\/\/oexpressobr.com.br\/index.php?rest_route=\/wp\/v2\/media\/553"}],"wp:attachment":[{"href":"https:\/\/oexpressobr.com.br\/index.php?rest_route=%2Fwp%2Fv2%2Fmedia&parent=552"}],"wp:term":[{"taxonomy":"category","embeddable":true,"href":"https:\/\/oexpressobr.com.br\/index.php?rest_route=%2Fwp%2Fv2%2Fcategories&post=552"},{"taxonomy":"post_tag","embeddable":true,"href":"https:\/\/oexpressobr.com.br\/index.php?rest_route=%2Fwp%2Fv2%2Ftags&post=552"}],"curies":[{"name":"wp","href":"https:\/\/api.w.org\/{rel}","templated":true}]}}