{"id":5528,"date":"2026-03-10T15:41:23","date_gmt":"2026-03-10T18:41:23","guid":{"rendered":"https:\/\/oexpressobr.com.br\/?p=5528"},"modified":"2026-03-10T15:41:32","modified_gmt":"2026-03-10T18:41:32","slug":"investigacao-sobre-banco-master-amplia-pressao-e-coloca-moraes-e-toffoli-em-rota-de-colisao-com-a-pf","status":"publish","type":"post","link":"https:\/\/oexpressobr.com.br\/?p=5528","title":{"rendered":"Investiga\u00e7\u00e3o sobre Banco Master amplia press\u00e3o e coloca Moraes e Toffoli em rota de colis\u00e3o com a PF"},"content":{"rendered":"\n<p class=\"wp-block-paragraph\">\u200bAs recentes movimenta\u00e7\u00f5es da Pol\u00edcia Federal em torno do <strong>Banco Master<\/strong> trouxeram um novo componente de instabilidade para o Supremo Tribunal Federal (STF). O que antes era restrito a cr\u00edticas pol\u00edticas e embates ideol\u00f3gicos da ala ligada \u00e0 direita, agora ganha contornos de investiga\u00e7\u00e3o t\u00e9cnica, atingindo diretamente os ministros <strong>Alexandre de Moraes<\/strong> e <strong>Dias Toffoli<\/strong>.<\/p>\n\n\n\n<h3 class=\"wp-block-heading\">\u200bO cerne da controv\u00e9rsia<\/h3>\n\n\n\n<p class=\"wp-block-paragraph\">\u200bO foco das autoridades recai sobre supostas transa\u00e7\u00f5es at\u00edpicas e rela\u00e7\u00f5es institucionais que estariam sob suspeita de irregularidade. A narrativa, que ganhou f\u00f4lego com an\u00e1lises como a de Jos\u00e9 Fucs, sugere que o isolamento dos ministros n\u00e3o vem apenas da press\u00e3o popular ou parlamentar, mas de documentos que a pr\u00f3pria estrutura do Estado come\u00e7ou a processar.<\/p>\n\n\n\n<ul class=\"wp-block-list\">\n<li>\u200b<strong>Alexandre de Moraes:<\/strong> O ministro, que se tornou a face do combate \u00e0s fakenews e aos atos antidemocr\u00e1ticos, agora enfrenta o desafio de responder a questionamentos sobre sua imparcialidade em processos que cruzam caminhos com interesses financeiros investigados.<\/li>\n\n\n\n<li>\u200b<strong>Dias Toffoli:<\/strong> J\u00e1 habituado a enfrentar oposi\u00e7\u00e3o por decis\u00f5es que anularam provas de grandes opera\u00e7\u00f5es passadas, Toffoli v\u00ea seu nome associado a fluxos financeiros do Banco Master que a PF busca esclarecer.<\/li>\n<\/ul>\n\n\n\n<h3 class=\"wp-block-heading\">\u200bO cen\u00e1rio pol\u00edtico e o &#8220;Xadrez&#8221; de Bras\u00edlia<\/h3>\n\n\n\n<p class=\"wp-block-paragraph\">\u200bA direita pol\u00edtica, que h\u00e1 anos elegeu Moraes como seu principal &#8220;algoz&#8221;, observa o cen\u00e1rio com cautela. Embora as investiga\u00e7\u00f5es sinalizem um desgaste sem precedentes, o rito para qualquer tipo de responsabiliza\u00e7\u00e3o de um ministro do STF \u00e9 rigorosamente controlado pelo Senado Federal e pela pr\u00f3pria din\u00e2mica interna da Corte.<\/p>\n\n\n\n<blockquote class=\"wp-block-quote is-layout-flow wp-block-quote-is-layout-flow\">\n<p class=\"wp-block-paragraph\">\u200b&#8221;A situa\u00e7\u00e3o atual \u00e9 distinta de crises anteriores porque n\u00e3o se trata apenas de ret\u00f3rica pol\u00edtica, mas de dados financeiros e relat\u00f3rios de intelig\u00eancia que est\u00e3o sendo compilados.&#8221;<\/p>\n<\/blockquote>\n\n\n\n<h3 class=\"wp-block-heading\">\u200bPr\u00f3ximos passos da investiga\u00e7\u00e3o<\/h3>\n\n\n\n<p class=\"wp-block-paragraph\">\u200bA Pol\u00edcia Federal mant\u00e9m o sigilo sobre as pe\u00e7as principais do inqu\u00e9rito, mas a expectativa \u00e9 que o cruzamento de dados banc\u00e1rios revele a extens\u00e3o da influ\u00eancia da institui\u00e7\u00e3o financeira nos tribunais superiores. Se as suspeitas de &#8220;transa\u00e7\u00f5es nebulosas&#8221; se confirmarem, o STF poder\u00e1 enfrentar sua maior crise de legitimidade desde a redemocratiza\u00e7\u00e3o.<\/p>\n","protected":false},"excerpt":{"rendered":"<p>\u200bAs recentes movimenta\u00e7\u00f5es da Pol\u00edcia Federal em torno do Banco Master trouxeram um novo componente de instabilidade para o Supremo Tribunal Federal (STF). O que [&#8230;]<\/p>\n","protected":false},"author":1,"featured_media":5529,"comment_status":"open","ping_status":"open","sticky":false,"template":"","format":"standard","meta":{"_crdt_document":"","_jetpack_memberships_contains_paid_content":false,"footnotes":"","jetpack_publicize_message":"","jetpack_publicize_feature_enabled":true,"jetpack_social_post_already_shared":true,"jetpack_social_options":{"image_generator_settings":{"template":"highway","default_image_id":0,"font":"","enabled":false},"version":2}},"categories":[3],"tags":[],"class_list":["post-5528","post","type-post","status-publish","format-standard","has-post-thumbnail","hentry","category-brasil"],"jetpack_publicize_connections":[],"jetpack_featured_media_url":"https:\/\/i0.wp.com\/oexpressobr.com.br\/wp-content\/uploads\/2026\/03\/IMG-20260310-WA0346.jpg?fit=1080%2C1080&ssl=1","jetpack_likes_enabled":true,"jetpack_sharing_enabled":true,"_links":{"self":[{"href":"https:\/\/oexpressobr.com.br\/index.php?rest_route=\/wp\/v2\/posts\/5528","targetHints":{"allow":["GET"]}}],"collection":[{"href":"https:\/\/oexpressobr.com.br\/index.php?rest_route=\/wp\/v2\/posts"}],"about":[{"href":"https:\/\/oexpressobr.com.br\/index.php?rest_route=\/wp\/v2\/types\/post"}],"author":[{"embeddable":true,"href":"https:\/\/oexpressobr.com.br\/index.php?rest_route=\/wp\/v2\/users\/1"}],"replies":[{"embeddable":true,"href":"https:\/\/oexpressobr.com.br\/index.php?rest_route=%2Fwp%2Fv2%2Fcomments&post=5528"}],"version-history":[{"count":1,"href":"https:\/\/oexpressobr.com.br\/index.php?rest_route=\/wp\/v2\/posts\/5528\/revisions"}],"predecessor-version":[{"id":5530,"href":"https:\/\/oexpressobr.com.br\/index.php?rest_route=\/wp\/v2\/posts\/5528\/revisions\/5530"}],"wp:featuredmedia":[{"embeddable":true,"href":"https:\/\/oexpressobr.com.br\/index.php?rest_route=\/wp\/v2\/media\/5529"}],"wp:attachment":[{"href":"https:\/\/oexpressobr.com.br\/index.php?rest_route=%2Fwp%2Fv2%2Fmedia&parent=5528"}],"wp:term":[{"taxonomy":"category","embeddable":true,"href":"https:\/\/oexpressobr.com.br\/index.php?rest_route=%2Fwp%2Fv2%2Fcategories&post=5528"},{"taxonomy":"post_tag","embeddable":true,"href":"https:\/\/oexpressobr.com.br\/index.php?rest_route=%2Fwp%2Fv2%2Ftags&post=5528"}],"curies":[{"name":"wp","href":"https:\/\/api.w.org\/{rel}","templated":true}]}}