{"id":5531,"date":"2026-03-10T15:47:30","date_gmt":"2026-03-10T18:47:30","guid":{"rendered":"https:\/\/oexpressobr.com.br\/?p=5531"},"modified":"2026-03-10T15:47:38","modified_gmt":"2026-03-10T18:47:38","slug":"cpmi-do-inss-recorre-de-decisao-de-dino-que-barrou-quebra-de-sigilo-de-fabio-luis-lula-da-silva","status":"publish","type":"post","link":"https:\/\/oexpressobr.com.br\/?p=5531","title":{"rendered":"CPMI do INSS recorre de decis\u00e3o de Dino que barrou quebra de sigilo de F\u00e1bio Lu\u00eds Lula da Silva"},"content":{"rendered":"\n<p class=\"wp-block-paragraph\">\u200bA Comiss\u00e3o Parlamentar Mista de Inqu\u00e9rito (CPMI) do INSS oficializou, nesta ter\u00e7a-feira (10), um recurso estrat\u00e9gico junto ao Supremo Tribunal Federal (STF). O objetivo \u00e9 reverter a liminar concedida pelo ministro Fl\u00e1vio Dino, que suspendeu a quebra dos sigilos banc\u00e1rio e fiscal de diversos investigados, entre eles <strong>F\u00e1bio Lu\u00eds Lula da Silva<\/strong>, filho do presidente da Rep\u00fablica.<\/p>\n\n\n\n<h3 class=\"wp-block-heading\">\u200bO centro da disputa jur\u00eddica<\/h3>\n\n\n\n<p class=\"wp-block-paragraph\">\u200bA controv\u00e9rsia gira em torno da metodologia utilizada pelo colegiado para aprovar os requerimentos de investiga\u00e7\u00e3o. Entenda os pontos principais:<\/p>\n\n\n\n<ul class=\"wp-block-list\">\n<li>\u200b<strong>A decis\u00e3o de Fl\u00e1vio Dino:<\/strong> O ministro atendeu a um pedido da defesa, argumentando que a CPMI realizou uma <strong>vota\u00e7\u00e3o &#8220;em bloco&#8221;<\/strong>. Segundo o magistrado, a aus\u00eancia de uma an\u00e1lise individualizada e fundamentada para cada investigado fere o devido processo legal e a prote\u00e7\u00e3o constitucional \u00e0 intimidade.<\/li>\n\n\n\n<li>\u200b<strong>O argumento da CPMI:<\/strong> No recurso apresentado hoje, o corpo jur\u00eddico da comiss\u00e3o defende que os investigados possuem conex\u00f5es f\u00e1ticas que justificam a an\u00e1lise conjunta. O colegiado sustenta que a medida \u00e9 essencial para rastrear o fluxo financeiro de supostas irregularidades no sistema previdenci\u00e1rio.<\/li>\n<\/ul>\n\n\n\n<h3 class=\"wp-block-heading\">\u200bImpacto nas investiga\u00e7\u00f5es<\/h3>\n\n\n\n<p class=\"wp-block-paragraph\">\u200bA suspens\u00e3o dos efeitos da delibera\u00e7\u00e3o travou o acesso a dados considerados cruciais para o relat\u00f3rio final da comiss\u00e3o. Com a decis\u00e3o de Dino, as institui\u00e7\u00f5es financeiras e a Receita Federal est\u00e3o impedidas de compartilhar as informa\u00e7\u00f5es de F\u00e1bio Lu\u00eds e de outros alvos que foram inclu\u00eddos no mesmo pacote de vota\u00e7\u00e3o.<\/p>\n\n\n\n<blockquote class=\"wp-block-quote is-layout-flow wp-block-quote-is-layout-flow\">\n<p class=\"wp-block-paragraph\">\u200b&#8221;A quebra de sigilo \u00e9 uma ferramenta excepcional, mas necess\u00e1ria quando h\u00e1 ind\u00edcios de triangula\u00e7\u00e3o de recursos que afetam o er\u00e1rio&#8221;, afirmou um dos membros da c\u00fapula da CPMI sob reserva.<\/p>\n<\/blockquote>\n\n\n\n<h3 class=\"wp-block-heading\">\u200bPr\u00f3ximos passos no STF<\/h3>\n\n\n\n<p class=\"wp-block-paragraph\">\u200bCom o protocolo do recurso, o caso poder\u00e1 ser levado para an\u00e1lise da <strong>Primeira Turma<\/strong> ou at\u00e9 do <strong>Plen\u00e1rio<\/strong> da Corte. O relator, Fl\u00e1vio Dino, decidir\u00e1 se mant\u00e9m sua posi\u00e7\u00e3o monocr\u00e1tica ou se submete a decis\u00e3o ao crivo dos demais ministros para uma palavra final sobre a validade das provas colhidas at\u00e9 ent\u00e3o.<\/p>\n\n\n\n<p class=\"wp-block-paragraph\">\u200bO clima no Congresso \u00e9 de expectativa, uma vez que o desfecho desse embate jur\u00eddico ditar\u00e1 o ritmo dos trabalhos da comiss\u00e3o nas pr\u00f3ximas semanas e o alcance das convoca\u00e7\u00f5es previstas.<\/p>\n","protected":false},"excerpt":{"rendered":"<p>\u200bA Comiss\u00e3o Parlamentar Mista de Inqu\u00e9rito (CPMI) do INSS oficializou, nesta ter\u00e7a-feira (10), um recurso estrat\u00e9gico junto ao Supremo Tribunal Federal (STF). O objetivo \u00e9 [&#8230;]<\/p>\n","protected":false},"author":1,"featured_media":5532,"comment_status":"open","ping_status":"open","sticky":false,"template":"","format":"standard","meta":{"_crdt_document":"","_jetpack_memberships_contains_paid_content":false,"footnotes":"","jetpack_publicize_message":"","jetpack_publicize_feature_enabled":true,"jetpack_social_post_already_shared":true,"jetpack_social_options":{"image_generator_settings":{"template":"highway","default_image_id":0,"font":"","enabled":false},"version":2}},"categories":[3],"tags":[],"class_list":["post-5531","post","type-post","status-publish","format-standard","has-post-thumbnail","hentry","category-brasil"],"jetpack_publicize_connections":[],"jetpack_featured_media_url":"https:\/\/i0.wp.com\/oexpressobr.com.br\/wp-content\/uploads\/2026\/03\/IMG-20260310-WA0350.jpg?fit=800%2C1000&ssl=1","jetpack_likes_enabled":true,"jetpack_sharing_enabled":true,"_links":{"self":[{"href":"https:\/\/oexpressobr.com.br\/index.php?rest_route=\/wp\/v2\/posts\/5531","targetHints":{"allow":["GET"]}}],"collection":[{"href":"https:\/\/oexpressobr.com.br\/index.php?rest_route=\/wp\/v2\/posts"}],"about":[{"href":"https:\/\/oexpressobr.com.br\/index.php?rest_route=\/wp\/v2\/types\/post"}],"author":[{"embeddable":true,"href":"https:\/\/oexpressobr.com.br\/index.php?rest_route=\/wp\/v2\/users\/1"}],"replies":[{"embeddable":true,"href":"https:\/\/oexpressobr.com.br\/index.php?rest_route=%2Fwp%2Fv2%2Fcomments&post=5531"}],"version-history":[{"count":1,"href":"https:\/\/oexpressobr.com.br\/index.php?rest_route=\/wp\/v2\/posts\/5531\/revisions"}],"predecessor-version":[{"id":5533,"href":"https:\/\/oexpressobr.com.br\/index.php?rest_route=\/wp\/v2\/posts\/5531\/revisions\/5533"}],"wp:featuredmedia":[{"embeddable":true,"href":"https:\/\/oexpressobr.com.br\/index.php?rest_route=\/wp\/v2\/media\/5532"}],"wp:attachment":[{"href":"https:\/\/oexpressobr.com.br\/index.php?rest_route=%2Fwp%2Fv2%2Fmedia&parent=5531"}],"wp:term":[{"taxonomy":"category","embeddable":true,"href":"https:\/\/oexpressobr.com.br\/index.php?rest_route=%2Fwp%2Fv2%2Fcategories&post=5531"},{"taxonomy":"post_tag","embeddable":true,"href":"https:\/\/oexpressobr.com.br\/index.php?rest_route=%2Fwp%2Fv2%2Ftags&post=5531"}],"curies":[{"name":"wp","href":"https:\/\/api.w.org\/{rel}","templated":true}]}}