{"id":5534,"date":"2026-03-10T15:56:01","date_gmt":"2026-03-10T18:56:01","guid":{"rendered":"https:\/\/oexpressobr.com.br\/?p=5534"},"modified":"2026-03-10T15:56:08","modified_gmt":"2026-03-10T18:56:08","slug":"alexandre-de-moraes-determina-prisao-de-delegado-e-policiais-civis-por-extorsao-ao-comando-vermelho-no-rio","status":"publish","type":"post","link":"https:\/\/oexpressobr.com.br\/?p=5534","title":{"rendered":"Alexandre de Moraes determina pris\u00e3o de delegado e policiais civis por extors\u00e3o ao Comando Vermelho no Rio"},"content":{"rendered":"\n<p class=\"wp-block-paragraph\">Em uma a\u00e7\u00e3o contundente contra a corrup\u00e7\u00e3o policial, a <strong>Pol\u00edcia Federal (PF)<\/strong> deflagrou, nesta ter\u00e7a-feira (10 de mar\u00e7o de 2026), a segunda fase da <strong>Opera\u00e7\u00e3o Anomalia<\/strong>. A ofensiva, autorizada pelo ministro <strong>Alexandre de Moraes<\/strong>, do Supremo Tribunal Federal (STF), resultou na pris\u00e3o de um delegado e dois policiais civis do Rio de Janeiro, acusados de integrar um esquema de extors\u00e3o contra lideran\u00e7as da fac\u00e7\u00e3o criminosa <strong>Comando Vermelho (CV)<\/strong>.<\/p>\n\n\n\n<h3 class=\"wp-block-heading\">\u200bO Esquema: Delegacia como &#8220;Balc\u00e3o de Neg\u00f3cios&#8221;<\/h3>\n\n\n\n<p class=\"wp-block-paragraph\">\u200bAs investiga\u00e7\u00f5es apontam que os agentes p\u00fablicos utilizavam a estrutura da Pol\u00edcia Civil para pressionar traficantes, impondo prazos e cobran\u00e7as incisivas para o pagamento de propinas. Em troca do dinheiro, os policiais ofereciam facilita\u00e7\u00e3o em inqu\u00e9ritos e informa\u00e7\u00f5es privilegiadas sobre opera\u00e7\u00f5es.<\/p>\n\n\n\n<ul class=\"wp-block-list\">\n<li>\u200b<strong>Intermedi\u00e1rios:<\/strong> Para manter dist\u00e2ncia f\u00edsica dos chefes da fac\u00e7\u00e3o, o grupo utilizava dois intermedi\u00e1rios que realizavam as negocia\u00e7\u00f5es.<\/li>\n\n\n\n<li>\u200b<strong>Lavagem de Dinheiro:<\/strong> A intelig\u00eancia financeira da PF identificou uma movimenta\u00e7\u00e3o patrimonial milion\u00e1ria, totalmente incompat\u00edvel com os sal\u00e1rios dos agentes. O dinheiro era ocultado por meio de uma <strong>rede de empresas de fachada<\/strong> registradas em nome de familiares.<\/li>\n<\/ul>\n\n\n\n<h3 class=\"wp-block-heading\">\u200bAlvos e Desdobramentos<\/h3>\n\n\n\n<p class=\"wp-block-paragraph\">\u200bEntre os presos nesta fase est\u00e3o o delegado <strong>Marcus Henrique de Oliveira Alves<\/strong> e os policiais civis <strong>Franklin Jos\u00e9 de Oliveira Alves<\/strong> e <strong>Leandro Moutinho de Deus<\/strong>. Um quarto alvo, identificado como Gabriel Dias de Oliveira (o &#8220;\u00cdndio do Lix\u00e3o&#8221;), apontado como integrante do tr\u00e1fico, j\u00e1 se encontrava no sistema prisional.<\/p>\n\n\n\n<p class=\"wp-block-paragraph\">\u200bEsta fase \u00e9 um desdobramento da a\u00e7\u00e3o iniciada na segunda-feira (9), que prendeu o delegado federal <strong>Fabrizio Romano<\/strong>. Ele \u00e9 suspeito de vender influ\u00eancia pol\u00edtica para favorecer um traficante internacional de drogas em troca de valores que chegariam a <strong>R$ 150 mil<\/strong>.<\/p>\n\n\n\n<h3 class=\"wp-block-heading\">\u200bContexto Jur\u00eddico<\/h3>\n\n\n\n<p class=\"wp-block-paragraph\">\u200bA opera\u00e7\u00e3o ocorre no \u00e2mbito da <strong>ADPF 635<\/strong> (conhecida como &#8220;ADPF das Favelas&#8221;), sob relatoria de Moraes, que visa monitorar a letalidade policial e a infiltra\u00e7\u00e3o do crime organizado nas institui\u00e7\u00f5es do Rio de Janeiro.<\/p>\n\n\n\n<blockquote class=\"wp-block-quote is-layout-flow wp-block-quote-is-layout-flow\">\n<p class=\"wp-block-paragraph\">\u200b&#8221;A negocia\u00e7\u00e3o il\u00edcita ocorria com cobran\u00e7as incisivas e imposi\u00e7\u00e3o de prazos&#8221;, afirmou a Pol\u00edcia Federal em nota oficial.<\/p>\n<\/blockquote>\n\n\n\n<p class=\"wp-block-paragraph\">\u200bOs envolvidos responder\u00e3o por:<\/p>\n\n\n\n<ol class=\"wp-block-list\">\n<li>\u200b<strong>Organiza\u00e7\u00e3o criminosa<\/strong><\/li>\n\n\n\n<li>\u200b<strong>Extors\u00e3o<\/strong><\/li>\n\n\n\n<li>\u200b<strong>Corrup\u00e7\u00e3o passiva e ativa<\/strong><\/li>\n\n\n\n<li>\u200b<strong>Lavagem de capitais<\/strong><\/li>\n<\/ol>\n\n\n\n<p class=\"wp-block-paragraph\">\u200bAt\u00e9 o fechamento desta mat\u00e9ria, a defesa dos citados n\u00e3o havia sido localizada para comentar as pris\u00f5es. A Pol\u00edcia Civil do Rio de Janeiro informou que abrir\u00e1 processos administrativos disciplinares para apurar a conduta dos servidores.<\/p>\n","protected":false},"excerpt":{"rendered":"<p>Em uma a\u00e7\u00e3o contundente contra a corrup\u00e7\u00e3o policial, a Pol\u00edcia Federal (PF) deflagrou, nesta ter\u00e7a-feira (10 de mar\u00e7o de 2026), a segunda fase da Opera\u00e7\u00e3o [&#8230;]<\/p>\n","protected":false},"author":1,"featured_media":5535,"comment_status":"open","ping_status":"open","sticky":false,"template":"","format":"standard","meta":{"_crdt_document":"","_jetpack_memberships_contains_paid_content":false,"footnotes":"","jetpack_publicize_message":"","jetpack_publicize_feature_enabled":true,"jetpack_social_post_already_shared":true,"jetpack_social_options":{"image_generator_settings":{"template":"highway","default_image_id":0,"font":"","enabled":false},"version":2}},"categories":[8],"tags":[],"class_list":["post-5534","post","type-post","status-publish","format-standard","has-post-thumbnail","hentry","category-judiciario"],"jetpack_publicize_connections":[],"jetpack_featured_media_url":"https:\/\/i0.wp.com\/oexpressobr.com.br\/wp-content\/uploads\/2026\/03\/1764672262692ec30672a31_1764672262_3x2_lg.jpg?fit=1024%2C683&ssl=1","jetpack_likes_enabled":true,"jetpack_sharing_enabled":true,"_links":{"self":[{"href":"https:\/\/oexpressobr.com.br\/index.php?rest_route=\/wp\/v2\/posts\/5534","targetHints":{"allow":["GET"]}}],"collection":[{"href":"https:\/\/oexpressobr.com.br\/index.php?rest_route=\/wp\/v2\/posts"}],"about":[{"href":"https:\/\/oexpressobr.com.br\/index.php?rest_route=\/wp\/v2\/types\/post"}],"author":[{"embeddable":true,"href":"https:\/\/oexpressobr.com.br\/index.php?rest_route=\/wp\/v2\/users\/1"}],"replies":[{"embeddable":true,"href":"https:\/\/oexpressobr.com.br\/index.php?rest_route=%2Fwp%2Fv2%2Fcomments&post=5534"}],"version-history":[{"count":1,"href":"https:\/\/oexpressobr.com.br\/index.php?rest_route=\/wp\/v2\/posts\/5534\/revisions"}],"predecessor-version":[{"id":5536,"href":"https:\/\/oexpressobr.com.br\/index.php?rest_route=\/wp\/v2\/posts\/5534\/revisions\/5536"}],"wp:featuredmedia":[{"embeddable":true,"href":"https:\/\/oexpressobr.com.br\/index.php?rest_route=\/wp\/v2\/media\/5535"}],"wp:attachment":[{"href":"https:\/\/oexpressobr.com.br\/index.php?rest_route=%2Fwp%2Fv2%2Fmedia&parent=5534"}],"wp:term":[{"taxonomy":"category","embeddable":true,"href":"https:\/\/oexpressobr.com.br\/index.php?rest_route=%2Fwp%2Fv2%2Fcategories&post=5534"},{"taxonomy":"post_tag","embeddable":true,"href":"https:\/\/oexpressobr.com.br\/index.php?rest_route=%2Fwp%2Fv2%2Ftags&post=5534"}],"curies":[{"name":"wp","href":"https:\/\/api.w.org\/{rel}","templated":true}]}}