{"id":5537,"date":"2026-03-10T19:25:42","date_gmt":"2026-03-10T22:25:42","guid":{"rendered":"https:\/\/oexpressobr.com.br\/?p=5537"},"modified":"2026-03-10T19:25:50","modified_gmt":"2026-03-10T22:25:50","slug":"registros-de-estupro-de-vulneravel-por-menores-de-18-anos-saltam-117-no-brasil-em-seis-anos","status":"publish","type":"post","link":"https:\/\/oexpressobr.com.br\/?p=5537","title":{"rendered":"Registros de estupro de vulner\u00e1vel por menores de 18 anos saltam 117% no Brasil em seis anos"},"content":{"rendered":"\n<p class=\"wp-block-paragraph\">O Brasil enfrenta um cen\u00e1rio alarmante no que diz respeito \u00e0 viol\u00eancia sexual cometida por adolescentes. Entre 2020 e 2025, o n\u00famero de casos de estupro de vulner\u00e1vel cujos autores possuem menos de 18 anos mais que dobrou, saltando de <strong>784 registros para 1.704<\/strong>. O crescimento expressivo acende um alerta sobre as ra\u00edzes da viol\u00eancia juvenil e a efic\u00e1cia das pol\u00edticas de preven\u00e7\u00e3o no pa\u00eds.<\/p>\n\n\n\n<h3 class=\"wp-block-heading\">\u200bOs n\u00fameros da crise<\/h3>\n\n\n\n<p class=\"wp-block-paragraph\">\u200bOs dados, que refletem um aumento de aproximadamente <strong>117%<\/strong> no per\u00edodo, indicam uma mudan\u00e7a dr\u00e1stica no perfil das ocorr\u00eancias registradas pelas autoridades de seguran\u00e7a p\u00fablica. Especialistas apontam que o fen\u00f4meno \u00e9 multifatorial e exige uma an\u00e1lise que vai al\u00e9m da puni\u00e7\u00e3o.<\/p>\n\n\n\n<h3 class=\"wp-block-heading\">\u200bPor que os casos est\u00e3o subindo?<\/h3>\n\n\n\n<p class=\"wp-block-paragraph\">\u200bDe acordo com analistas de seguran\u00e7a e psic\u00f3logos, tr\u00eas pilares sustentam esse crescimento:<\/p>\n\n\n\n<ul class=\"wp-block-list\">\n<li>\u200b<strong>Aumento das den\u00fancias:<\/strong> O fortalecimento de redes de prote\u00e7\u00e3o e a maior conscientiza\u00e7\u00e3o da sociedade t\u00eam encorajado fam\u00edlias a reportar crimes que, anteriormente, ficariam restritos ao sil\u00eancio dom\u00e9stico.<\/li>\n\n\n\n<li>\u200b<strong>Influ\u00eancia digital:<\/strong> O acesso precoce e sem supervis\u00e3o a conte\u00fados violentos e \u00e0 pornografia na internet \u00e9 citado como um fator que distorce a percep\u00e7\u00e3o de sexualidade e limites entre jovens.<\/li>\n\n\n\n<li>\u200b<strong>V\u00e1cuo educacional:<\/strong> A aus\u00eancia de debates estruturados sobre <strong>consentimento e educa\u00e7\u00e3o sexual<\/strong> nas escolas e no ambiente familiar deixa adolescentes vulner\u00e1veis a comportamentos abusivos por falta de compreens\u00e3o sobre a gravidade de seus atos.<\/li>\n<\/ul>\n\n\n\n<h3 class=\"wp-block-heading\">\u200bO papel do Estado e da Sociedade<\/h3>\n\n\n\n<p class=\"wp-block-paragraph\">\u200bO Estatuto da Crian\u00e7a e do Adolescente (ECA) estabelece que menores de 18 anos s\u00e3o penalmente inimput\u00e1veis, mas est\u00e3o sujeitos a <strong>medidas socioeducativas<\/strong> proporcionais \u00e0 gravidade da infra\u00e7\u00e3o.<\/p>\n\n\n\n<blockquote class=\"wp-block-quote is-layout-flow wp-block-quote-is-layout-flow\">\n<p class=\"wp-block-paragraph\">\u200b&#8221;N\u00e3o se trata apenas de punir, mas de entender que o agressor jovem muitas vezes tamb\u00e9m \u00e9 fruto de um ambiente de neglig\u00eancia e falta de orienta\u00e7\u00e3o b\u00e1sica sobre respeito ao corpo alheio&#8221;, afirmam especialistas em direitos da inf\u00e2ncia.<\/p>\n<\/blockquote>\n\n\n\n<p class=\"wp-block-paragraph\">\u200bA tend\u00eancia de alta nos \u00faltimos seis anos coloca press\u00e3o sobre o Minist\u00e9rio da Justi\u00e7a e \u00f3rg\u00e3os de educa\u00e7\u00e3o para a cria\u00e7\u00e3o de campanhas de preven\u00e7\u00e3o que alcancem o p\u00fablico jovem diretamente nas plataformas digitais.<\/p>\n","protected":false},"excerpt":{"rendered":"<p>O Brasil enfrenta um cen\u00e1rio alarmante no que diz respeito \u00e0 viol\u00eancia sexual cometida por adolescentes. Entre 2020 e 2025, o n\u00famero de casos de [&#8230;]<\/p>\n","protected":false},"author":1,"featured_media":5538,"comment_status":"open","ping_status":"open","sticky":false,"template":"","format":"standard","meta":{"_crdt_document":"","_jetpack_memberships_contains_paid_content":false,"footnotes":"","jetpack_publicize_message":"","jetpack_publicize_feature_enabled":true,"jetpack_social_post_already_shared":true,"jetpack_social_options":{"image_generator_settings":{"template":"highway","default_image_id":0,"font":"","enabled":false},"version":2}},"categories":[3],"tags":[],"class_list":["post-5537","post","type-post","status-publish","format-standard","has-post-thumbnail","hentry","category-brasil"],"jetpack_publicize_connections":[],"jetpack_featured_media_url":"https:\/\/i0.wp.com\/oexpressobr.com.br\/wp-content\/uploads\/2026\/03\/IMG-20260310-WA0430.jpg?fit=615%2C470&ssl=1","jetpack_likes_enabled":true,"jetpack_sharing_enabled":true,"_links":{"self":[{"href":"https:\/\/oexpressobr.com.br\/index.php?rest_route=\/wp\/v2\/posts\/5537","targetHints":{"allow":["GET"]}}],"collection":[{"href":"https:\/\/oexpressobr.com.br\/index.php?rest_route=\/wp\/v2\/posts"}],"about":[{"href":"https:\/\/oexpressobr.com.br\/index.php?rest_route=\/wp\/v2\/types\/post"}],"author":[{"embeddable":true,"href":"https:\/\/oexpressobr.com.br\/index.php?rest_route=\/wp\/v2\/users\/1"}],"replies":[{"embeddable":true,"href":"https:\/\/oexpressobr.com.br\/index.php?rest_route=%2Fwp%2Fv2%2Fcomments&post=5537"}],"version-history":[{"count":1,"href":"https:\/\/oexpressobr.com.br\/index.php?rest_route=\/wp\/v2\/posts\/5537\/revisions"}],"predecessor-version":[{"id":5539,"href":"https:\/\/oexpressobr.com.br\/index.php?rest_route=\/wp\/v2\/posts\/5537\/revisions\/5539"}],"wp:featuredmedia":[{"embeddable":true,"href":"https:\/\/oexpressobr.com.br\/index.php?rest_route=\/wp\/v2\/media\/5538"}],"wp:attachment":[{"href":"https:\/\/oexpressobr.com.br\/index.php?rest_route=%2Fwp%2Fv2%2Fmedia&parent=5537"}],"wp:term":[{"taxonomy":"category","embeddable":true,"href":"https:\/\/oexpressobr.com.br\/index.php?rest_route=%2Fwp%2Fv2%2Fcategories&post=5537"},{"taxonomy":"post_tag","embeddable":true,"href":"https:\/\/oexpressobr.com.br\/index.php?rest_route=%2Fwp%2Fv2%2Ftags&post=5537"}],"curies":[{"name":"wp","href":"https:\/\/api.w.org\/{rel}","templated":true}]}}