{"id":5540,"date":"2026-03-10T19:30:32","date_gmt":"2026-03-10T22:30:32","guid":{"rendered":"https:\/\/oexpressobr.com.br\/?p=5540"},"modified":"2026-03-10T19:30:41","modified_gmt":"2026-03-10T22:30:41","slug":"daniel-vorcaro-e-lucas-kallas-visitaram-o-planalto-apos-prospeccao-de-petroleo-na-venezuela","status":"publish","type":"post","link":"https:\/\/oexpressobr.com.br\/?p=5540","title":{"rendered":"Daniel Vorcaro e Lucas Kallas visitaram o Planalto ap\u00f3s prospec\u00e7\u00e3o de petr\u00f3leo na Venezuela"},"content":{"rendered":"\n<p class=\"wp-block-paragraph\"><strong>BRAS\u00cdLIA<\/strong> \u2013 Registros de e-mails e dados de acesso obtidos pelo portal UOL revelam que o ex-banqueiro Daniel Vorcaro e o empres\u00e1rio mineiro Lucas Kallas estiveram no Pal\u00e1cio do Planalto apenas uma semana ap\u00f3s retornarem de uma viagem de neg\u00f3cios \u00e0 Venezuela. O deslocamento ao pa\u00eds vizinho, realizado no final de 2023, teve como objetivo central a prospec\u00e7\u00e3o de investimentos no setor petrol\u00edfero.<\/p>\n\n\n\n<p class=\"wp-block-paragraph\">\u200bDe acordo com as investiga\u00e7\u00f5es, Vorcaro, ex-dono do Banco Master, teria desembolsado cerca de US$ 23 mil para custear a hospedagem da comitiva em um hotel de luxo em Caracas entre os dias 27 de novembro e 1\u00ba de dezembro de 2023. O per\u00edodo coincidiu com uma breve flexibiliza\u00e7\u00e3o das san\u00e7\u00f5es econ\u00f4micas impostas pelos Estados Unidos ao regime de Nicol\u00e1s Maduro, o que abriu uma janela de oportunidade para investidores estrangeiros no setor de energia.<\/p>\n\n\n\n<p class=\"wp-block-paragraph\">\u200b<strong>Agenda em Bras\u00edlia<\/strong><\/p>\n\n\n\n<p class=\"wp-block-paragraph\">Logo ap\u00f3s o retorno, os registros do Gabinete de Seguran\u00e7a Institucional (GSI) mostram que Vorcaro e Kallas entraram simultaneamente no Pal\u00e1cio do Planalto. Embora os detalhes das reuni\u00f5es oficiais n\u00e3o tenham sido totalmente esclarecidos pelas agendas p\u00fablicas, a proximidade das datas levanta questionamentos sobre a interlocu\u00e7\u00e3o dos empres\u00e1rios com o governo brasileiro a respeito de suas pretens\u00f5es comerciais na regi\u00e3o.<\/p>\n\n\n\n<p class=\"wp-block-paragraph\">\u200b<strong>Recuo nos neg\u00f3cios<\/strong><\/p>\n\n\n\n<p class=\"wp-block-paragraph\">Fontes pr\u00f3ximas aos empres\u00e1rios indicam que, apesar do entusiasmo inicial com os campos de petr\u00f3leo venezuelanos, os planos foram engavetados. O recuo teria ocorrido por dois motivos principais:<\/p>\n\n\n\n<ol class=\"wp-block-list\">\n<li>\u200b<strong>Retorno das san\u00e7\u00f5es:<\/strong> Em abril de 2024, Washington retomou as restri\u00e7\u00f5es econ\u00f4micas contra a Venezuela, inviabilizando grandes opera\u00e7\u00f5es financeiras internacionais.<\/li>\n\n\n\n<li>\u200b<strong>Risco reputacional:<\/strong> Daniel Vorcaro teria optado por n\u00e3o vincular sua imagem a projetos no pa\u00eds vizinho para evitar poss\u00edveis retalia\u00e7\u00f5es ou complica\u00e7\u00f5es para as opera\u00e7\u00f5es do Banco Master no mercado norte-americano.<\/li>\n<\/ol>\n\n\n\n<p class=\"wp-block-paragraph\">\u200bProcurado, o empres\u00e1rio Lucas Kallas negou ter realizado aportes financeiros efetivos na Venezuela, tratando a viagem apenas como uma agenda de prospec\u00e7\u00e3o. O Pal\u00e1cio do Planalto e a defesa de Daniel Vorcaro ainda n\u00e3o detalharam o teor das conversas mantidas na sede do governo federal ap\u00f3s a miss\u00e3o internacional.<\/p>\n","protected":false},"excerpt":{"rendered":"<p>BRAS\u00cdLIA \u2013 Registros de e-mails e dados de acesso obtidos pelo portal UOL revelam que o ex-banqueiro Daniel Vorcaro e o empres\u00e1rio mineiro Lucas Kallas [&#8230;]<\/p>\n","protected":false},"author":1,"featured_media":5541,"comment_status":"open","ping_status":"open","sticky":false,"template":"","format":"standard","meta":{"_crdt_document":"","_jetpack_memberships_contains_paid_content":false,"footnotes":"","jetpack_publicize_message":"","jetpack_publicize_feature_enabled":true,"jetpack_social_post_already_shared":true,"jetpack_social_options":{"image_generator_settings":{"template":"highway","default_image_id":0,"font":"","enabled":false},"version":2}},"categories":[1],"tags":[],"class_list":["post-5540","post","type-post","status-publish","format-standard","has-post-thumbnail","hentry","category-geral"],"jetpack_publicize_connections":[],"jetpack_featured_media_url":"https:\/\/i0.wp.com\/oexpressobr.com.br\/wp-content\/uploads\/2026\/03\/IMG-20260310-WA0367.jpg?fit=900%2C506&ssl=1","jetpack_likes_enabled":true,"jetpack_sharing_enabled":true,"_links":{"self":[{"href":"https:\/\/oexpressobr.com.br\/index.php?rest_route=\/wp\/v2\/posts\/5540","targetHints":{"allow":["GET"]}}],"collection":[{"href":"https:\/\/oexpressobr.com.br\/index.php?rest_route=\/wp\/v2\/posts"}],"about":[{"href":"https:\/\/oexpressobr.com.br\/index.php?rest_route=\/wp\/v2\/types\/post"}],"author":[{"embeddable":true,"href":"https:\/\/oexpressobr.com.br\/index.php?rest_route=\/wp\/v2\/users\/1"}],"replies":[{"embeddable":true,"href":"https:\/\/oexpressobr.com.br\/index.php?rest_route=%2Fwp%2Fv2%2Fcomments&post=5540"}],"version-history":[{"count":1,"href":"https:\/\/oexpressobr.com.br\/index.php?rest_route=\/wp\/v2\/posts\/5540\/revisions"}],"predecessor-version":[{"id":5542,"href":"https:\/\/oexpressobr.com.br\/index.php?rest_route=\/wp\/v2\/posts\/5540\/revisions\/5542"}],"wp:featuredmedia":[{"embeddable":true,"href":"https:\/\/oexpressobr.com.br\/index.php?rest_route=\/wp\/v2\/media\/5541"}],"wp:attachment":[{"href":"https:\/\/oexpressobr.com.br\/index.php?rest_route=%2Fwp%2Fv2%2Fmedia&parent=5540"}],"wp:term":[{"taxonomy":"category","embeddable":true,"href":"https:\/\/oexpressobr.com.br\/index.php?rest_route=%2Fwp%2Fv2%2Fcategories&post=5540"},{"taxonomy":"post_tag","embeddable":true,"href":"https:\/\/oexpressobr.com.br\/index.php?rest_route=%2Fwp%2Fv2%2Ftags&post=5540"}],"curies":[{"name":"wp","href":"https:\/\/api.w.org\/{rel}","templated":true}]}}