{"id":5543,"date":"2026-03-10T19:35:28","date_gmt":"2026-03-10T22:35:28","guid":{"rendered":"https:\/\/oexpressobr.com.br\/?p=5543"},"modified":"2026-03-10T19:35:35","modified_gmt":"2026-03-10T22:35:35","slug":"camara-deve-votar-regulamentacao-do-trabalho-por-aplicativos-ate-abril-sob-articulacao-de-hugo-motta-e-governo-federal","status":"publish","type":"post","link":"https:\/\/oexpressobr.com.br\/?p=5543","title":{"rendered":"C\u00e2mara deve votar regulamenta\u00e7\u00e3o do trabalho por aplicativos at\u00e9 abril sob articula\u00e7\u00e3o de Hugo Motta e Governo Federal"},"content":{"rendered":"\n<p class=\"wp-block-paragraph\">\u200bA tramita\u00e7\u00e3o do projeto de lei que estabelece o novo marco legal para trabalhadores de aplicativos ganhou um novo cap\u00edtulo nesta semana. O presidente da C\u00e2mara dos Deputados, Hugo Motta (Republicanos-PB), afirmou que pretende colocar a proposta em vota\u00e7\u00e3o no plen\u00e1rio at\u00e9 o in\u00edcio de abril. O an\u00fancio ocorreu ap\u00f3s uma s\u00e9rie de reuni\u00f5es com o ministro do Trabalho, Luiz Marinho, e lideran\u00e7as governamentais, como o deputado Guilherme Boulos.<\/p>\n\n\n\n<p class=\"wp-block-paragraph\">\u200bO texto em discuss\u00e3o na comiss\u00e3o especial busca equilibrar a prote\u00e7\u00e3o social dos cerca de 2,2 milh\u00f5es de motoristas e entregadores com a viabilidade econ\u00f4mica de empresas como Uber, 99 e iFood. O projeto, que tramita como PLP 152\/2025 (originado de discuss\u00f5es anteriores sobre o PLP 12\/2024), prop\u00f5e a cria\u00e7\u00e3o de uma categoria de &#8220;trabalhador aut\u00f4nomo por plataforma&#8221;, garantindo direitos sem formalizar o v\u00ednculo empregat\u00edcio via CLT.<\/p>\n\n\n\n<p class=\"wp-block-paragraph\">\u200b<strong>Diverg\u00eancias sobre o valor m\u00ednimo<\/strong><\/p>\n\n\n\n<p class=\"wp-block-paragraph\">Apesar do otimismo de Motta, o ponto central de disc\u00f3rdia ainda reside no &#8220;piso&#8221; remunerat\u00f3rio. Enquanto o Governo Federal defende um valor m\u00ednimo de R$ 10,00 por servi\u00e7o, o relator da proposta, deputado Augusto Coutinho (Republicanos-PE), sugere um valor de R$ 8,50, sob o argumento de que as diferen\u00e7as regionais no custo de vida podem inviabilizar o servi\u00e7o em cidades menores.<\/p>\n\n\n\n<p class=\"wp-block-paragraph\">\u200b&#8221;Precisamos garantir condi\u00e7\u00f5es mais dignas para quem trabalha, corrigindo desequil\u00edbrios onde plataformas ret\u00eam at\u00e9 metade do valor da corrida&#8221;, afirmou Guilherme Boulos, refor\u00e7ando a urg\u00eancia da medida. Por outro lado, o relator destaca que o projeto trar\u00e1 avan\u00e7os como seguro de vida, cobertura contra acidentes e contribui\u00e7\u00e3o previdenci\u00e1ria, o que garante assist\u00eancia em casos de doen\u00e7a ou aposentadoria.<\/p>\n\n\n\n<p class=\"wp-block-paragraph\">\u200b<strong>Pr\u00f3ximos passos<\/strong><\/p>\n\n\n\n<p class=\"wp-block-paragraph\">A expectativa \u00e9 que a comiss\u00e3o especial, presidida pelo deputado Joaquim Passarinho (PL-PA), finalize o relat\u00f3rio nas pr\u00f3ximas semanas. Se o cronograma de Hugo Motta for seguido, o texto ser\u00e1 votado na comiss\u00e3o e seguir\u00e1 imediatamente para o Plen\u00e1rio. Caso n\u00e3o haja consenso sobre os valores m\u00ednimos, o governo j\u00e1 sinalizou que poder\u00e1 apresentar emendas durante a vota\u00e7\u00e3o final para assegurar os patamares defendidos pelo Minist\u00e9rio do Trabalho.<\/p>\n\n\n\n<p class=\"wp-block-paragraph\">\u200bA regulamenta\u00e7\u00e3o \u00e9 vista pelo Pal\u00e1cio do Planalto como uma vitrine importante da agenda trabalhista atual, buscando oferecer seguran\u00e7a jur\u00eddica a um setor que, at\u00e9 ent\u00e3o, operava sob constantes disputas judiciais sobre a natureza do v\u00ednculo entre trabalhador e plataforma.<\/p>\n","protected":false},"excerpt":{"rendered":"<p>\u200bA tramita\u00e7\u00e3o do projeto de lei que estabelece o novo marco legal para trabalhadores de aplicativos ganhou um novo cap\u00edtulo nesta semana. O presidente da [&#8230;]<\/p>\n","protected":false},"author":1,"featured_media":5544,"comment_status":"open","ping_status":"open","sticky":false,"template":"","format":"standard","meta":{"_crdt_document":"","_jetpack_memberships_contains_paid_content":false,"footnotes":"","jetpack_publicize_message":"","jetpack_publicize_feature_enabled":true,"jetpack_social_post_already_shared":true,"jetpack_social_options":{"image_generator_settings":{"template":"highway","default_image_id":0,"font":"","enabled":false},"version":2}},"categories":[3],"tags":[],"class_list":["post-5543","post","type-post","status-publish","format-standard","has-post-thumbnail","hentry","category-brasil"],"jetpack_publicize_connections":[],"jetpack_featured_media_url":"https:\/\/i0.wp.com\/oexpressobr.com.br\/wp-content\/uploads\/2026\/03\/captura_de_tela_2026-03-10_154334_copy.webp?fit=1170%2C700&ssl=1","jetpack_likes_enabled":true,"jetpack_sharing_enabled":true,"_links":{"self":[{"href":"https:\/\/oexpressobr.com.br\/index.php?rest_route=\/wp\/v2\/posts\/5543","targetHints":{"allow":["GET"]}}],"collection":[{"href":"https:\/\/oexpressobr.com.br\/index.php?rest_route=\/wp\/v2\/posts"}],"about":[{"href":"https:\/\/oexpressobr.com.br\/index.php?rest_route=\/wp\/v2\/types\/post"}],"author":[{"embeddable":true,"href":"https:\/\/oexpressobr.com.br\/index.php?rest_route=\/wp\/v2\/users\/1"}],"replies":[{"embeddable":true,"href":"https:\/\/oexpressobr.com.br\/index.php?rest_route=%2Fwp%2Fv2%2Fcomments&post=5543"}],"version-history":[{"count":1,"href":"https:\/\/oexpressobr.com.br\/index.php?rest_route=\/wp\/v2\/posts\/5543\/revisions"}],"predecessor-version":[{"id":5545,"href":"https:\/\/oexpressobr.com.br\/index.php?rest_route=\/wp\/v2\/posts\/5543\/revisions\/5545"}],"wp:featuredmedia":[{"embeddable":true,"href":"https:\/\/oexpressobr.com.br\/index.php?rest_route=\/wp\/v2\/media\/5544"}],"wp:attachment":[{"href":"https:\/\/oexpressobr.com.br\/index.php?rest_route=%2Fwp%2Fv2%2Fmedia&parent=5543"}],"wp:term":[{"taxonomy":"category","embeddable":true,"href":"https:\/\/oexpressobr.com.br\/index.php?rest_route=%2Fwp%2Fv2%2Fcategories&post=5543"},{"taxonomy":"post_tag","embeddable":true,"href":"https:\/\/oexpressobr.com.br\/index.php?rest_route=%2Fwp%2Fv2%2Ftags&post=5543"}],"curies":[{"name":"wp","href":"https:\/\/api.w.org\/{rel}","templated":true}]}}