{"id":5549,"date":"2026-03-10T19:45:45","date_gmt":"2026-03-10T22:45:45","guid":{"rendered":"https:\/\/oexpressobr.com.br\/?p=5549"},"modified":"2026-03-10T19:45:52","modified_gmt":"2026-03-10T22:45:52","slug":"lula-cancela-ida-a-posse-de-kast-no-chile-e-mauro-vieira-assume-representacao-brasileira","status":"publish","type":"post","link":"https:\/\/oexpressobr.com.br\/?p=5549","title":{"rendered":"Lula cancela ida \u00e0 posse de Kast no Chile e Mauro Vieira assume representa\u00e7\u00e3o brasileira"},"content":{"rendered":"\n<p class=\"wp-block-paragraph\">O presidente Luiz In\u00e1cio Lula da Silva decidiu, nesta ter\u00e7a-feira (10), cancelar sua viagem oficial a Valpara\u00edso, no Chile, onde participaria da cerim\u00f4nia de posse do novo presidente chileno, <strong>Jos\u00e9 Antonio Kast<\/strong>. O evento, marcado para esta quarta-feira (11), formaliza a sucess\u00e3o de Gabriel Boric e marca o retorno da direita ao comando do pa\u00eds andino.<\/p>\n\n\n\n<p class=\"wp-block-paragraph\">\u200bCom a aus\u00eancia do chefe do Executivo, o Brasil ser\u00e1 representado formalmente pelo ministro das Rela\u00e7\u00f5es Exteriores, <strong>Mauro Vieira<\/strong>. A decis\u00e3o de \u00faltima hora altera o planejamento do Itamaraty, que j\u00e1 havia confirmado a presen\u00e7a de Lula na semana anterior como um gesto de cortesia diplom\u00e1tica e pragmatismo regional, apesar das diverg\u00eancias ideol\u00f3gicas com o mandat\u00e1rio eleito.<\/p>\n\n\n\n<h3 class=\"wp-block-heading\">\u200bMotiva\u00e7\u00f5es e bastidores pol\u00edticos<\/h3>\n\n\n\n<p class=\"wp-block-paragraph\">\u200bEmbora o Pal\u00e1cio do Planalto n\u00e3o tenha emitido uma nota oficial detalhando os motivos t\u00e9cnicos para a suspens\u00e3o da viagem, bastidores pol\u00edticos em Bras\u00edlia sugerem dois fatores principais que pesaram na balan\u00e7a:<\/p>\n\n\n\n<ol class=\"wp-block-list\">\n<li>\u200b<strong>Contexto Internacional Tenso:<\/strong> O agravamento das tens\u00f5es no Oriente M\u00e9dio, especialmente envolvendo o conflito entre Ir\u00e3 e pot\u00eancias ocidentais, tem mantido o presidente em solo brasileiro para reuni\u00f5es de emerg\u00eancia e coordena\u00e7\u00e3o com a pol\u00edtica externa.<\/li>\n\n\n\n<li>\u200b<strong>Palco da Oposi\u00e7\u00e3o:<\/strong> A confirma\u00e7\u00e3o da presen\u00e7a de figuras proeminentes da oposi\u00e7\u00e3o brasileira no evento chileno, como o senador <strong>Fl\u00e1vio Bolsonaro<\/strong>, teria criado um cen\u00e1rio de desconforto pol\u00edtico. Analistas indicam que o governo preferiu evitar um &#8220;palanque dividido&#8221; em solo estrangeiro, especialmente ap\u00f3s Kast ter estreitado la\u00e7os com a fam\u00edlia Bolsonaro e o ex-presidente Donald Trump nos meses que antecederam sua posse.<\/li>\n<\/ol>\n\n\n\n<h3 class=\"wp-block-heading\">Hist\u00f3rico e rela\u00e7\u00f5es bilaterais<\/h3>\n\n\n\n<p class=\"wp-block-paragraph\">\u200bKast foi eleito em dezembro de 2025 com uma plataforma conservadora, derrotando a candidata Jeannette Jara. No in\u00edcio de 2026, Lula e Kast chegaram a ter um encontro reservado no Panam\u00e1 para discutir pautas de integra\u00e7\u00e3o econ\u00f4mica e infraestrutura, indicando que, apesar das diferen\u00e7as, os pa\u00edses buscariam manter uma agenda comercial ativa.<\/p>\n\n\n\n<p class=\"wp-block-paragraph\">\u200bO Chile \u00e9 um dos principais parceiros comerciais do Brasil na Am\u00e9rica Latina, e a aus\u00eancia de Lula na posse rompe uma tradi\u00e7\u00e3o de presen\u00e7a m\u00fatua em cerim\u00f4nias de troca de comando. O chanceler Mauro Vieira ter\u00e1 a miss\u00e3o de reafirmar a continuidade das rela\u00e7\u00f5es diplom\u00e1ticas e os acordos de coopera\u00e7\u00e3o regional que s\u00e3o vitais para o bloco sul-americano.<\/p>\n","protected":false},"excerpt":{"rendered":"<p>O presidente Luiz In\u00e1cio Lula da Silva decidiu, nesta ter\u00e7a-feira (10), cancelar sua viagem oficial a Valpara\u00edso, no Chile, onde participaria da cerim\u00f4nia de posse [&#8230;]<\/p>\n","protected":false},"author":1,"featured_media":5550,"comment_status":"open","ping_status":"open","sticky":false,"template":"","format":"standard","meta":{"_crdt_document":"","_jetpack_memberships_contains_paid_content":false,"footnotes":"","jetpack_publicize_message":"","jetpack_publicize_feature_enabled":true,"jetpack_social_post_already_shared":true,"jetpack_social_options":{"image_generator_settings":{"template":"highway","default_image_id":0,"font":"","enabled":false},"version":2}},"categories":[3],"tags":[],"class_list":["post-5549","post","type-post","status-publish","format-standard","has-post-thumbnail","hentry","category-brasil"],"jetpack_publicize_connections":[],"jetpack_featured_media_url":"https:\/\/i0.wp.com\/oexpressobr.com.br\/wp-content\/uploads\/2026\/03\/pzzb2475.jpg.webp?fit=1170%2C700&ssl=1","jetpack_likes_enabled":true,"jetpack_sharing_enabled":true,"_links":{"self":[{"href":"https:\/\/oexpressobr.com.br\/index.php?rest_route=\/wp\/v2\/posts\/5549","targetHints":{"allow":["GET"]}}],"collection":[{"href":"https:\/\/oexpressobr.com.br\/index.php?rest_route=\/wp\/v2\/posts"}],"about":[{"href":"https:\/\/oexpressobr.com.br\/index.php?rest_route=\/wp\/v2\/types\/post"}],"author":[{"embeddable":true,"href":"https:\/\/oexpressobr.com.br\/index.php?rest_route=\/wp\/v2\/users\/1"}],"replies":[{"embeddable":true,"href":"https:\/\/oexpressobr.com.br\/index.php?rest_route=%2Fwp%2Fv2%2Fcomments&post=5549"}],"version-history":[{"count":1,"href":"https:\/\/oexpressobr.com.br\/index.php?rest_route=\/wp\/v2\/posts\/5549\/revisions"}],"predecessor-version":[{"id":5551,"href":"https:\/\/oexpressobr.com.br\/index.php?rest_route=\/wp\/v2\/posts\/5549\/revisions\/5551"}],"wp:featuredmedia":[{"embeddable":true,"href":"https:\/\/oexpressobr.com.br\/index.php?rest_route=\/wp\/v2\/media\/5550"}],"wp:attachment":[{"href":"https:\/\/oexpressobr.com.br\/index.php?rest_route=%2Fwp%2Fv2%2Fmedia&parent=5549"}],"wp:term":[{"taxonomy":"category","embeddable":true,"href":"https:\/\/oexpressobr.com.br\/index.php?rest_route=%2Fwp%2Fv2%2Fcategories&post=5549"},{"taxonomy":"post_tag","embeddable":true,"href":"https:\/\/oexpressobr.com.br\/index.php?rest_route=%2Fwp%2Fv2%2Ftags&post=5549"}],"curies":[{"name":"wp","href":"https:\/\/api.w.org\/{rel}","templated":true}]}}