{"id":555,"date":"2025-12-11T07:22:10","date_gmt":"2025-12-11T10:22:10","guid":{"rendered":"https:\/\/oexpressobr.com.br\/?p=555"},"modified":"2025-12-11T07:22:10","modified_gmt":"2025-12-11T10:22:10","slug":"camara-mantem-mandato-de-carla-zambelli-revertendo-decisao-da-ccj-e-contrariando-o-stf","status":"publish","type":"post","link":"https:\/\/oexpressobr.com.br\/?p=555","title":{"rendered":"C\u00e2mara mant\u00e9m mandato de Carla Zambelli, revertendo decis\u00e3o da CCJ e contrariando o STF"},"content":{"rendered":"\n<p class=\"wp-block-paragraph\">A C\u00e2mara dos Deputados rejeitou a cassa\u00e7\u00e3o do mandato da deputada federal Carla Zambelli (PL-SP) em vota\u00e7\u00e3o no Plen\u00e1rio realizada na madrugada desta quinta-feira (11). A decis\u00e3o reverteu a recomenda\u00e7\u00e3o da Comiss\u00e3o de Constitui\u00e7\u00e3o e Justi\u00e7a (CCJ), que havia aprovado a perda do cargo horas antes, e manteve a parlamentar no Congresso, apesar de uma condena\u00e7\u00e3o do Supremo Tribunal Federal (STF) que decretou a perda do mandato.<\/p>\n\n\n\n<p class=\"wp-block-paragraph\">\u200bPara que a cassa\u00e7\u00e3o fosse efetivada, eram necess\u00e1rios 257 votos favor\u00e1veis, o equivalente \u00e0 maioria absoluta da Casa. No entanto, a vota\u00e7\u00e3o registrou 227 votos a favor da perda do mandato, 170 contr\u00e1rios e 10 absten\u00e7\u00f5es. Com a n\u00e3o obten\u00e7\u00e3o do qu\u00f3rum m\u00ednimo, o mandato de Zambelli, a deputada federal mais votada do pa\u00eds em 2022, foi preservado.<\/p>\n\n\n\n<h3 class=\"wp-block-heading\">\u200bRevers\u00e3o no Plen\u00e1rio<\/h3>\n\n\n\n<p class=\"wp-block-paragraph\">\u200bA vota\u00e7\u00e3o em plen\u00e1rio p\u00f4s um ponto final, por ora, na batalha pol\u00edtica e judicial que cercava a parlamentar. Na v\u00e9spera, a CCJ havia aprovado, por 32 votos a 27, o parecer do deputado Cl\u00e1udio Cajado (PP-BA) que recomendava a cassa\u00e7\u00e3o do mandato. A aprova\u00e7\u00e3o na comiss\u00e3o ocorreu ap\u00f3s a rejei\u00e7\u00e3o de um relat\u00f3rio anterior que era favor\u00e1vel \u00e0 deputada.<\/p>\n\n\n\n<p class=\"wp-block-paragraph\">\u200bO cerne da an\u00e1lise se deu em torno da condena\u00e7\u00e3o de Zambelli pelo Supremo Tribunal Federal, que a sentenciou a 10 anos de pris\u00e3o em regime inicial fechado por envolvimento com o hacker Walter Delgatti Neto, na invas\u00e3o aos sistemas do Conselho Nacional de Justi\u00e7a (CNJ). O STF tamb\u00e9m havia determinado a perda do mandato da deputada, mas a Constitui\u00e7\u00e3o exige que o Congresso se manifeste sobre a perda de mandato em casos de condena\u00e7\u00e3o criminal de seus membros.<\/p>\n\n\n\n<p class=\"wp-block-paragraph\">\u200bDurante a sess\u00e3o, a deputada, que est\u00e1 detida na It\u00e1lia desde julho e participou remotamente dos debates na CCJ, defendeu-se alegando ser v\u00edtima de persegui\u00e7\u00e3o pol\u00edtica. Aliados refor\u00e7aram o argumento de que caberia ao Parlamento demonstrar sua independ\u00eancia em rela\u00e7\u00e3o ao Judici\u00e1rio, alertando que a cassa\u00e7\u00e3o abriria um &#8220;precedente gigantesco&#8221; de submiss\u00e3o do Poder Legislativo.<\/p>\n\n\n\n<p class=\"wp-block-paragraph\">\u200bO argumento do lado contr\u00e1rio, defendido por deputados governistas, era que a C\u00e2mara n\u00e3o poderia se sobrepor a uma decis\u00e3o transitada em julgado do STF. Al\u00e9m disso, foi levantado que, independentemente da condena\u00e7\u00e3o, a pris\u00e3o de Zambelli no exterior inviabiliza o exerc\u00edcio de sua fun\u00e7\u00e3o parlamentar, podendo levar \u00e0 perda do mandato por faltas.<\/p>\n\n\n\n<p class=\"wp-block-paragraph\">\u200bA decis\u00e3o da C\u00e2mara de manter o mandato da deputada reflete uma complexa articula\u00e7\u00e3o pol\u00edtica e institucional, especialmente em um momento de tens\u00f5es entre o Congresso e o Poder Judici\u00e1rio. O resultado marca mais um cap\u00edtulo de embates recentes envolvendo a autonomia da Casa em rela\u00e7\u00e3o \u00e0s decis\u00f5es da mais alta corte do pa\u00eds.<\/p>\n","protected":false},"excerpt":{"rendered":"<p>A C\u00e2mara dos Deputados rejeitou a cassa\u00e7\u00e3o do mandato da deputada federal Carla Zambelli (PL-SP) em vota\u00e7\u00e3o no Plen\u00e1rio realizada na madrugada desta quinta-feira (11). [&#8230;]<\/p>\n","protected":false},"author":1,"featured_media":556,"comment_status":"open","ping_status":"open","sticky":false,"template":"","format":"standard","meta":{"_crdt_document":"","_jetpack_memberships_contains_paid_content":false,"footnotes":"","jetpack_publicize_message":"","jetpack_publicize_feature_enabled":true,"jetpack_social_post_already_shared":false,"jetpack_social_options":{"image_generator_settings":{"template":"highway","default_image_id":0,"font":"","enabled":false},"version":2}},"categories":[3],"tags":[],"class_list":["post-555","post","type-post","status-publish","format-standard","has-post-thumbnail","hentry","category-brasil"],"jetpack_publicize_connections":[],"jetpack_featured_media_url":"https:\/\/i0.wp.com\/oexpressobr.com.br\/wp-content\/uploads\/2025\/12\/Deputada-federal-Carla-Zambelli-PL-SP-Metropoles-4.webp?fit=1200%2C800&ssl=1","jetpack_likes_enabled":true,"jetpack_sharing_enabled":true,"_links":{"self":[{"href":"https:\/\/oexpressobr.com.br\/index.php?rest_route=\/wp\/v2\/posts\/555","targetHints":{"allow":["GET"]}}],"collection":[{"href":"https:\/\/oexpressobr.com.br\/index.php?rest_route=\/wp\/v2\/posts"}],"about":[{"href":"https:\/\/oexpressobr.com.br\/index.php?rest_route=\/wp\/v2\/types\/post"}],"author":[{"embeddable":true,"href":"https:\/\/oexpressobr.com.br\/index.php?rest_route=\/wp\/v2\/users\/1"}],"replies":[{"embeddable":true,"href":"https:\/\/oexpressobr.com.br\/index.php?rest_route=%2Fwp%2Fv2%2Fcomments&post=555"}],"version-history":[{"count":0,"href":"https:\/\/oexpressobr.com.br\/index.php?rest_route=\/wp\/v2\/posts\/555\/revisions"}],"wp:featuredmedia":[{"embeddable":true,"href":"https:\/\/oexpressobr.com.br\/index.php?rest_route=\/wp\/v2\/media\/556"}],"wp:attachment":[{"href":"https:\/\/oexpressobr.com.br\/index.php?rest_route=%2Fwp%2Fv2%2Fmedia&parent=555"}],"wp:term":[{"taxonomy":"category","embeddable":true,"href":"https:\/\/oexpressobr.com.br\/index.php?rest_route=%2Fwp%2Fv2%2Fcategories&post=555"},{"taxonomy":"post_tag","embeddable":true,"href":"https:\/\/oexpressobr.com.br\/index.php?rest_route=%2Fwp%2Fv2%2Ftags&post=555"}],"curies":[{"name":"wp","href":"https:\/\/api.w.org\/{rel}","templated":true}]}}