{"id":5552,"date":"2026-03-10T19:50:36","date_gmt":"2026-03-10T22:50:36","guid":{"rendered":"https:\/\/oexpressobr.com.br\/?p=5552"},"modified":"2026-03-10T19:50:43","modified_gmt":"2026-03-10T22:50:43","slug":"pf-investiga-perfis-do-tiktok-por-trend-que-incita-violencia-contra-mulheres","status":"publish","type":"post","link":"https:\/\/oexpressobr.com.br\/?p=5552","title":{"rendered":"PF investiga perfis do TikTok por trend que incita viol\u00eancia contra mulheres"},"content":{"rendered":"\n<p class=\"wp-block-paragraph\">\u200bA Pol\u00edcia Federal (PF) abriu um inqu\u00e9rito oficial para investigar a propaga\u00e7\u00e3o de uma &#8220;trend&#8221; (tend\u00eancia) no TikTok que faz apologia \u00e0 viol\u00eancia f\u00edsica contra mulheres. O movimento, que ganhou for\u00e7a nos \u00faltimos dias, consiste em v\u00eddeos onde homens simulam agress\u00f5es \u2014 como socos, chutes e golpes de faca \u2014 sob a legenda &#8220;treinando para caso ela diga n\u00e3o&#8221;, referindo-se a poss\u00edveis rejei\u00e7\u00f5es em pedidos de namoro ou casamento.<\/p>\n\n\n\n<p class=\"wp-block-paragraph\">\u200bA investiga\u00e7\u00e3o foi impulsionada por uma not\u00edcia-crime apresentada pela Advocacia-Geral da Uni\u00e3o (AGU), por meio da Procuradoria Nacional de Defesa da Democracia. Segundo o \u00f3rg\u00e3o, o conte\u00fado configura incita\u00e7\u00e3o a crimes graves, como feminic\u00eddio, les\u00e3o corporal e viol\u00eancia psicol\u00f3gica.<\/p>\n\n\n\n<p class=\"wp-block-paragraph\">\u200b<strong>\u00daltimas atualiza\u00e7\u00f5es e medidas governamentais<\/strong><\/p>\n\n\n\n<p class=\"wp-block-paragraph\">\u200bAl\u00e9m da frente policial, o Minist\u00e9rio da Justi\u00e7a e Seguran\u00e7a P\u00fablica (MJSP) tamb\u00e9m entrou no caso. Nesta ter\u00e7a-feira (10), a Secretaria de Direitos Digitais do minist\u00e9rio notificou o TikTok Brasil, estabelecendo um prazo de cinco dias para que a plataforma apresente explica\u00e7\u00f5es detalhadas sobre suas medidas de modera\u00e7\u00e3o. O governo quer entender como os sistemas automatizados e humanos da rede social falharam ao permitir que conte\u00fados mis\u00f3ginos com alto potencial de viraliza\u00e7\u00e3o permanecessem ativos.<\/p>\n\n\n\n<p class=\"wp-block-paragraph\">\u200bEm resposta preliminar, o TikTok informou que os v\u00eddeos violam suas Diretrizes da Comunidade e que j\u00e1 iniciou a remo\u00e7\u00e3o proativa dos conte\u00fados identificados. A plataforma afirmou ainda que est\u00e1 colaborando com as autoridades e refor\u00e7ando a vigil\u00e2ncia para evitar que novos v\u00eddeos do g\u00eanero circulem.<\/p>\n\n\n\n<p class=\"wp-block-paragraph\">\u200b<strong>Contexto e riscos<\/strong><\/p>\n\n\n\n<p class=\"wp-block-paragraph\">\u200bEspecialistas e autoridades alertam que esse tipo de conte\u00fado alimenta grupos da chamada &#8220;machosfera&#8221; e comunidades que pregam o \u00f3dio de g\u00eanero. No Brasil, a Lei 13.642\/2018 atribui especificamente \u00e0 Pol\u00edcia Federal a compet\u00eancia para investigar crimes de misoginia na internet, dado o car\u00e1ter nacional e muitas vezes transnacional desses movimentos.<\/p>\n\n\n\n<p class=\"wp-block-paragraph\">\u200bOs respons\u00e1veis pela cria\u00e7\u00e3o e compartilhamento desses v\u00eddeos podem ser punidos com penas de deten\u00e7\u00e3o, al\u00e9m de multas. A Pol\u00edcia Federal j\u00e1 solicitou a preserva\u00e7\u00e3o de dados dos perfis identificados para rastrear a origem das publica\u00e7\u00f5es e identificar se h\u00e1 uma coordena\u00e7\u00e3o centralizada por tr\u00e1s da dissemina\u00e7\u00e3o da tend\u00eancia.<\/p>\n","protected":false},"excerpt":{"rendered":"<p>\u200bA Pol\u00edcia Federal (PF) abriu um inqu\u00e9rito oficial para investigar a propaga\u00e7\u00e3o de uma &#8220;trend&#8221; (tend\u00eancia) no TikTok que faz apologia \u00e0 viol\u00eancia f\u00edsica contra [&#8230;]<\/p>\n","protected":false},"author":1,"featured_media":5553,"comment_status":"open","ping_status":"open","sticky":false,"template":"","format":"standard","meta":{"_crdt_document":"","_jetpack_memberships_contains_paid_content":false,"footnotes":"","jetpack_publicize_message":"","jetpack_publicize_feature_enabled":true,"jetpack_social_post_already_shared":true,"jetpack_social_options":{"image_generator_settings":{"template":"highway","default_image_id":0,"font":"","enabled":false},"version":2}},"categories":[3],"tags":[],"class_list":["post-5552","post","type-post","status-publish","format-standard","has-post-thumbnail","hentry","category-brasil"],"jetpack_publicize_connections":[],"jetpack_featured_media_url":"https:\/\/i0.wp.com\/oexpressobr.com.br\/wp-content\/uploads\/2026\/03\/toms0054.webp?fit=1170%2C700&ssl=1","jetpack_likes_enabled":true,"jetpack_sharing_enabled":true,"_links":{"self":[{"href":"https:\/\/oexpressobr.com.br\/index.php?rest_route=\/wp\/v2\/posts\/5552","targetHints":{"allow":["GET"]}}],"collection":[{"href":"https:\/\/oexpressobr.com.br\/index.php?rest_route=\/wp\/v2\/posts"}],"about":[{"href":"https:\/\/oexpressobr.com.br\/index.php?rest_route=\/wp\/v2\/types\/post"}],"author":[{"embeddable":true,"href":"https:\/\/oexpressobr.com.br\/index.php?rest_route=\/wp\/v2\/users\/1"}],"replies":[{"embeddable":true,"href":"https:\/\/oexpressobr.com.br\/index.php?rest_route=%2Fwp%2Fv2%2Fcomments&post=5552"}],"version-history":[{"count":1,"href":"https:\/\/oexpressobr.com.br\/index.php?rest_route=\/wp\/v2\/posts\/5552\/revisions"}],"predecessor-version":[{"id":5554,"href":"https:\/\/oexpressobr.com.br\/index.php?rest_route=\/wp\/v2\/posts\/5552\/revisions\/5554"}],"wp:featuredmedia":[{"embeddable":true,"href":"https:\/\/oexpressobr.com.br\/index.php?rest_route=\/wp\/v2\/media\/5553"}],"wp:attachment":[{"href":"https:\/\/oexpressobr.com.br\/index.php?rest_route=%2Fwp%2Fv2%2Fmedia&parent=5552"}],"wp:term":[{"taxonomy":"category","embeddable":true,"href":"https:\/\/oexpressobr.com.br\/index.php?rest_route=%2Fwp%2Fv2%2Fcategories&post=5552"},{"taxonomy":"post_tag","embeddable":true,"href":"https:\/\/oexpressobr.com.br\/index.php?rest_route=%2Fwp%2Fv2%2Ftags&post=5552"}],"curies":[{"name":"wp","href":"https:\/\/api.w.org\/{rel}","templated":true}]}}