{"id":5556,"date":"2026-03-10T19:55:30","date_gmt":"2026-03-10T22:55:30","guid":{"rendered":"https:\/\/oexpressobr.com.br\/?p=5556"},"modified":"2026-03-10T19:55:37","modified_gmt":"2026-03-10T22:55:37","slug":"mulheres-do-mst-ocupam-14-latifundios-em-jornada-nacional-contra-violencia-e-pela-reforma-agraria","status":"publish","type":"post","link":"https:\/\/oexpressobr.com.br\/?p=5556","title":{"rendered":"Mulheres do MST ocupam 14 latif\u00fandios em jornada nacional contra viol\u00eancia e pela reforma agr\u00e1ria"},"content":{"rendered":"\n<p class=\"wp-block-paragraph\">Em uma mobiliza\u00e7\u00e3o que atinge todas as regi\u00f5es do pa\u00eds, cerca de 14 mil integrantes do Movimento dos Trabalhadores Rurais Sem Terra (MST) realizam, entre os dias 8 e 12 de mar\u00e7o de 2026, a Jornada Nacional de Lutas das Mulheres Sem Terra. Com o lema &#8220;Reforma Agr\u00e1ria Popular: enfrentar as viol\u00eancias, ocupar e organizar!&#8221;, o movimento j\u00e1 registrou a ocupa\u00e7\u00e3o de 14 \u00e1reas em 13 estados brasileiros, denunciando a paralisia das pol\u00edticas de redistribui\u00e7\u00e3o de terras e o aumento da viol\u00eancia no campo.<\/p>\n\n\n\n<p class=\"wp-block-paragraph\">\u200bAs a\u00e7\u00f5es miram prioritariamente latif\u00fandios com hist\u00f3ricos de irregularidades. Em S\u00e3o Paulo, mulheres ocuparam a Fazenda Santo Ant\u00f4nio, em Presidente Epit\u00e1cio, denunciando a &#8220;Lei da Grilagem&#8221; (Lei 17.557\/2022) e cobrando a destina\u00e7\u00e3o de terras p\u00fablicas para o assentamento de fam\u00edlias. No Rio Grande do Sul, cerca de 500 mulheres ocuparam uma \u00e1rea da Fepagro em S\u00e3o Gabriel, reivindicando o reassentamento de comunidades atingidas pelas enchentes de 2024.<\/p>\n\n\n\n<p class=\"wp-block-paragraph\">\u200b<strong>Avan\u00e7os e enfrentamentos<\/strong><\/p>\n\n\n\n<p class=\"wp-block-paragraph\">A jornada deste ano combina a luta pela terra com pautas ambientais e de direitos humanos. Em Minas Gerais, ap\u00f3s o trancamento de trilhos da mineradora Samarco, as camponesas conquistaram o compromisso de reflorestamento de 2 mil hectares na Bacia do Rio Doce. J\u00e1 no Tocantins, a ocupa\u00e7\u00e3o da Fazenda Santo Hil\u00e1rio resultou em prazos estabelecidos pelo Incra para a cria\u00e7\u00e3o de um novo assentamento.<\/p>\n\n\n\n<p class=\"wp-block-paragraph\">\u200b&#8221;A jornada expressa a for\u00e7a das mulheres organizadas contra os crimes do latif\u00fandio e a escalada da viol\u00eancia de g\u00eanero, legitimada pelo avan\u00e7o do discurso conservador&#8221;, afirmou Lizandra Guedes, da coordena\u00e7\u00e3o nacional do MST. O movimento destaca que, apesar de estar no terceiro mandato do governo Lula, os avan\u00e7os na reforma agr\u00e1ria s\u00e3o considerados &#8220;insuficientes&#8221; diante de um passivo de mais de 100 mil fam\u00edlias acampadas.<\/p>\n\n\n\n<p class=\"wp-block-paragraph\">\u200b<strong>Pauta ampla e resist\u00eancia<\/strong><\/p>\n\n\n\n<p class=\"wp-block-paragraph\">Al\u00e9m das ocupa\u00e7\u00f5es, as mulheres sem terra levam \u00e0s ruas reivindica\u00e7\u00f5es como o fim da escala de trabalho 6&#215;1, o combate ao feminic\u00eddio e a valoriza\u00e7\u00e3o da Pol\u00edtica Nacional do Cuidado. Em Goi\u00e1s, uma usina com den\u00fancias de trabalho an\u00e1logo \u00e0 escravid\u00e3o foi um dos alvos das mobiliza\u00e7\u00f5es, refor\u00e7ando o car\u00e1ter de den\u00fancia contra viola\u00e7\u00f5es de direitos fundamentais.<\/p>\n\n\n\n<p class=\"wp-block-paragraph\">\u200bAs atividades seguem at\u00e9 quinta-feira (12), com marchas, semin\u00e1rios sobre agroecologia e novas a\u00e7\u00f5es de ocupa\u00e7\u00e3o previstas para pressionar o Governo Federal e os governos estaduais por uma resposta efetiva \u00e0 crise agr\u00e1ria e clim\u00e1tica.<\/p>\n","protected":false},"excerpt":{"rendered":"<p>Em uma mobiliza\u00e7\u00e3o que atinge todas as regi\u00f5es do pa\u00eds, cerca de 14 mil integrantes do Movimento dos Trabalhadores Rurais Sem Terra (MST) realizam, entre [&#8230;]<\/p>\n","protected":false},"author":1,"featured_media":5557,"comment_status":"open","ping_status":"open","sticky":false,"template":"","format":"standard","meta":{"_crdt_document":"","_jetpack_memberships_contains_paid_content":false,"footnotes":"","jetpack_publicize_message":"","jetpack_publicize_feature_enabled":true,"jetpack_social_post_already_shared":true,"jetpack_social_options":{"image_generator_settings":{"template":"highway","default_image_id":0,"font":"","enabled":false},"version":2}},"categories":[34],"tags":[],"class_list":["post-5556","post","type-post","status-publish","format-standard","has-post-thumbnail","hentry","category-agro"],"jetpack_publicize_connections":[],"jetpack_featured_media_url":"https:\/\/i0.wp.com\/oexpressobr.com.br\/wp-content\/uploads\/2026\/03\/mst-to-768x512-1.webp?fit=1170%2C700&ssl=1","jetpack_likes_enabled":true,"jetpack_sharing_enabled":true,"_links":{"self":[{"href":"https:\/\/oexpressobr.com.br\/index.php?rest_route=\/wp\/v2\/posts\/5556","targetHints":{"allow":["GET"]}}],"collection":[{"href":"https:\/\/oexpressobr.com.br\/index.php?rest_route=\/wp\/v2\/posts"}],"about":[{"href":"https:\/\/oexpressobr.com.br\/index.php?rest_route=\/wp\/v2\/types\/post"}],"author":[{"embeddable":true,"href":"https:\/\/oexpressobr.com.br\/index.php?rest_route=\/wp\/v2\/users\/1"}],"replies":[{"embeddable":true,"href":"https:\/\/oexpressobr.com.br\/index.php?rest_route=%2Fwp%2Fv2%2Fcomments&post=5556"}],"version-history":[{"count":1,"href":"https:\/\/oexpressobr.com.br\/index.php?rest_route=\/wp\/v2\/posts\/5556\/revisions"}],"predecessor-version":[{"id":5558,"href":"https:\/\/oexpressobr.com.br\/index.php?rest_route=\/wp\/v2\/posts\/5556\/revisions\/5558"}],"wp:featuredmedia":[{"embeddable":true,"href":"https:\/\/oexpressobr.com.br\/index.php?rest_route=\/wp\/v2\/media\/5557"}],"wp:attachment":[{"href":"https:\/\/oexpressobr.com.br\/index.php?rest_route=%2Fwp%2Fv2%2Fmedia&parent=5556"}],"wp:term":[{"taxonomy":"category","embeddable":true,"href":"https:\/\/oexpressobr.com.br\/index.php?rest_route=%2Fwp%2Fv2%2Fcategories&post=5556"},{"taxonomy":"post_tag","embeddable":true,"href":"https:\/\/oexpressobr.com.br\/index.php?rest_route=%2Fwp%2Fv2%2Ftags&post=5556"}],"curies":[{"name":"wp","href":"https:\/\/api.w.org\/{rel}","templated":true}]}}