{"id":5559,"date":"2026-03-10T20:01:44","date_gmt":"2026-03-10T23:01:44","guid":{"rendered":"https:\/\/oexpressobr.com.br\/?p=5559"},"modified":"2026-03-10T20:01:51","modified_gmt":"2026-03-10T23:01:51","slug":"pgr-pede-ao-stf-condenacao-de-deputados-do-pl-por-desvio-de-emendas-no-maranhao","status":"publish","type":"post","link":"https:\/\/oexpressobr.com.br\/?p=5559","title":{"rendered":"PGR pede ao STF condena\u00e7\u00e3o de deputados do PL por desvio de emendas no Maranh\u00e3o"},"content":{"rendered":"\n<p class=\"wp-block-paragraph\">Na ter\u00e7a-feira (10), a <strong>Procuradoria-Geral da Rep\u00fablica (PGR)<\/strong> formalizou junto ao <strong>Supremo Tribunal Federal (STF)<\/strong> o pedido de condena\u00e7\u00e3o dos deputados federais <strong>Josimar Maranh\u00e3ozinho (PL-MA)<\/strong>, <strong>Pastor Gil (PL-MA)<\/strong> e do suplente <strong>Bosco Costa (PL-SE)<\/strong>. O grupo \u00e9 acusado de liderar um esquema de corrup\u00e7\u00e3o passiva e organiza\u00e7\u00e3o criminosa envolvendo o desvio de emendas parlamentares destinadas \u00e0 sa\u00fade p\u00fablica.<\/p>\n\n\n\n<p class=\"wp-block-paragraph\">\u200bO caso, que tramita na <strong>Primeira Turma do STF<\/strong> sob a relatoria do ministro <strong>Cristiano Zanin<\/strong>, \u00e9 considerado um marco jur\u00eddico por ser a primeira a\u00e7\u00e3o penal de desvio de emendas analisada pela Corte. De acordo com a den\u00fancia, os parlamentares teriam exigido uma &#8220;propina&#8221; de <strong>25%<\/strong> (cerca de R$ 1,6 milh\u00e3o) sobre um montante de R$ 6,6 milh\u00f5es em emendas destinadas ao munic\u00edpio de S\u00e3o Jos\u00e9 de Ribamar, no Maranh\u00e3o.<\/p>\n\n\n\n<h3 class=\"wp-block-heading\">\u200bDetalhes da acusa\u00e7\u00e3o e impacto social<\/h3>\n\n\n\n<p class=\"wp-block-paragraph\">\u200bO subprocurador-geral da Rep\u00fablica, <strong>Paulo Vasconcelos Jacobina<\/strong>, enfatizou a gravidade da conduta, destacando que o desvio ocorreu em um estado que possui um dos menores \u00cdndices de Desenvolvimento Humano (IDH) do pa\u00eds.<\/p>\n\n\n\n<p class=\"wp-block-paragraph\">\u200bA estrutura criminosa foi dividida pela PGR em dois n\u00facleos:<\/p>\n\n\n\n<ul class=\"wp-block-list\">\n<li>\u200b<strong>N\u00facleo Central:<\/strong> Liderado por Josimar Maranh\u00e3ozinho, que coordenaria a destina\u00e7\u00e3o das verbas e a cobran\u00e7a dos valores il\u00edcitos.<\/li>\n\n\n\n<li>\u200b<strong>Grupo de Execu\u00e7\u00e3o:<\/strong> Respons\u00e1vel por operacionalizar os pagamentos e mascarar a origem do dinheiro.<\/li>\n<\/ul>\n\n\n\n<p class=\"wp-block-paragraph\">\u200bAl\u00e9m da pris\u00e3o, a PGR solicita a <strong>perda dos mandatos parlamentares<\/strong> e o pagamento de uma indeniza\u00e7\u00e3o por danos morais coletivos.<\/p>\n\n\n\n<h3 class=\"wp-block-heading\">\u200bO que dizem as defesas<\/h3>\n\n\n\n<p class=\"wp-block-paragraph\">\u200bDurante a sess\u00e3o de sustenta\u00e7\u00f5es orais, os advogados dos r\u00e9us negaram as irregularidades e pediram a anula\u00e7\u00e3o das provas:<\/p>\n\n\n\n<ul class=\"wp-block-list\">\n<li>\u200b<strong>Defesa de Josimar Maranh\u00e3ozinho:<\/strong> Alega que os recursos em quest\u00e3o n\u00e3o eram fruto de emendas parlamentares, mas sim de propostas diretas da prefeitura ao Minist\u00e9rio da Sa\u00fade.<\/li>\n\n\n\n<li>\u200b<strong>Defesa de Pastor Gil:<\/strong> Sustenta que as provas digitais (celulares) foram &#8220;manipuladas&#8221; e que a investiga\u00e7\u00e3o deveria ter come\u00e7ado no STF devido ao foro por prerrogativa de fun\u00e7\u00e3o.<\/li>\n\n\n\n<li>\u200b<strong>Defesa de Bosco Costa:<\/strong> Afirma que as emendas citadas foram inclu\u00eddas no or\u00e7amento em per\u00edodos que n\u00e3o coincidem com a atua\u00e7\u00e3o do parlamentar no esquema.<\/li>\n<\/ul>\n\n\n\n<h3 class=\"wp-block-heading\">\u200bPr\u00f3ximos passos no Judici\u00e1rio<\/h3>\n\n\n\n<p class=\"wp-block-paragraph\">\u200bO julgamento foi suspenso ap\u00f3s as falas da acusa\u00e7\u00e3o e defesa. A expectativa \u00e9 que o ministro Cristiano Zanin apresente seu voto na pr\u00f3xima <strong>ter\u00e7a-feira (17)<\/strong>. Al\u00e9m de Zanin, comp\u00f5em a turma os ministros <strong>Alexandre de Moraes<\/strong>, <strong>C\u00e1rmen L\u00facia<\/strong> e o presidente do colegiado, <strong>Fl\u00e1vio Dino<\/strong>.<\/p>\n\n\n\n<p class=\"wp-block-paragraph\">\u200bEste julgamento \u00e9 visto por analistas pol\u00edticos como um &#8220;term\u00f4metro&#8221; da rela\u00e7\u00e3o entre o STF e o Congresso Nacional, sinalizando o rigor que a Corte pretende adotar contra o uso indevido de verbas or\u00e7ament\u00e1rias.<\/p>\n","protected":false},"excerpt":{"rendered":"<p>Na ter\u00e7a-feira (10), a Procuradoria-Geral da Rep\u00fablica (PGR) formalizou junto ao Supremo Tribunal Federal (STF) o pedido de condena\u00e7\u00e3o dos deputados federais Josimar Maranh\u00e3ozinho (PL-MA), [&#8230;]<\/p>\n","protected":false},"author":1,"featured_media":5560,"comment_status":"open","ping_status":"open","sticky":false,"template":"","format":"standard","meta":{"_crdt_document":"","_jetpack_memberships_contains_paid_content":false,"footnotes":"","jetpack_publicize_message":"","jetpack_publicize_feature_enabled":true,"jetpack_social_post_already_shared":true,"jetpack_social_options":{"image_generator_settings":{"template":"highway","default_image_id":0,"font":"","enabled":false},"version":2}},"categories":[8],"tags":[],"class_list":["post-5559","post","type-post","status-publish","format-standard","has-post-thumbnail","hentry","category-judiciario"],"jetpack_publicize_connections":[],"jetpack_featured_media_url":"https:\/\/i0.wp.com\/oexpressobr.com.br\/wp-content\/uploads\/2026\/03\/lula8321.webp?fit=1170%2C700&ssl=1","jetpack_likes_enabled":true,"jetpack_sharing_enabled":true,"_links":{"self":[{"href":"https:\/\/oexpressobr.com.br\/index.php?rest_route=\/wp\/v2\/posts\/5559","targetHints":{"allow":["GET"]}}],"collection":[{"href":"https:\/\/oexpressobr.com.br\/index.php?rest_route=\/wp\/v2\/posts"}],"about":[{"href":"https:\/\/oexpressobr.com.br\/index.php?rest_route=\/wp\/v2\/types\/post"}],"author":[{"embeddable":true,"href":"https:\/\/oexpressobr.com.br\/index.php?rest_route=\/wp\/v2\/users\/1"}],"replies":[{"embeddable":true,"href":"https:\/\/oexpressobr.com.br\/index.php?rest_route=%2Fwp%2Fv2%2Fcomments&post=5559"}],"version-history":[{"count":1,"href":"https:\/\/oexpressobr.com.br\/index.php?rest_route=\/wp\/v2\/posts\/5559\/revisions"}],"predecessor-version":[{"id":5561,"href":"https:\/\/oexpressobr.com.br\/index.php?rest_route=\/wp\/v2\/posts\/5559\/revisions\/5561"}],"wp:featuredmedia":[{"embeddable":true,"href":"https:\/\/oexpressobr.com.br\/index.php?rest_route=\/wp\/v2\/media\/5560"}],"wp:attachment":[{"href":"https:\/\/oexpressobr.com.br\/index.php?rest_route=%2Fwp%2Fv2%2Fmedia&parent=5559"}],"wp:term":[{"taxonomy":"category","embeddable":true,"href":"https:\/\/oexpressobr.com.br\/index.php?rest_route=%2Fwp%2Fv2%2Fcategories&post=5559"},{"taxonomy":"post_tag","embeddable":true,"href":"https:\/\/oexpressobr.com.br\/index.php?rest_route=%2Fwp%2Fv2%2Ftags&post=5559"}],"curies":[{"name":"wp","href":"https:\/\/api.w.org\/{rel}","templated":true}]}}