{"id":5563,"date":"2026-03-10T20:09:24","date_gmt":"2026-03-10T23:09:24","guid":{"rendered":"https:\/\/oexpressobr.com.br\/?p=5563"},"modified":"2026-03-10T20:09:31","modified_gmt":"2026-03-10T23:09:31","slug":"seguranca-da-unespar-e-assaltante-sao-indiciados-por-roubo-apos-omissao-em-assalto-em-apucarana","status":"publish","type":"post","link":"https:\/\/oexpressobr.com.br\/?p=5563","title":{"rendered":"Seguran\u00e7a da Unespar e assaltante s\u00e3o indiciados por roubo ap\u00f3s omiss\u00e3o em assalto em Apucarana"},"content":{"rendered":"\n<p class=\"wp-block-paragraph\">Um seguran\u00e7a terceirizado da Universidade Estadual do Paran\u00e1 (Unespar), campus de Apucarana, foi indiciado pelo crime de roubo ap\u00f3s ser filmado presenciando um assalto violento sem esbo\u00e7ar qualquer rea\u00e7\u00e3o para ajudar a v\u00edtima ou deter o criminoso. O caso, que ganhou repercuss\u00e3o nesta semana ap\u00f3s a divulga\u00e7\u00e3o das imagens de monitoramento, est\u00e1 sendo conduzido pelo delegado Andr\u00e9 Garcia, da 17\u00aa Subdivis\u00e3o Policial (SDP).<\/p>\n\n\n\n<p class=\"wp-block-paragraph\">\u200b<strong>O crime e a omiss\u00e3o<\/strong><\/p>\n\n\n\n<p class=\"wp-block-paragraph\">O assalto ocorreu no dia 4 de fevereiro, no estacionamento de motos da universidade. As imagens mostram o momento em que um jovem de 21 anos aborda a v\u00edtima \u2014 que havia ido ao local para vender um iPhone ap\u00f3s uma negocia\u00e7\u00e3o por rede social \u2014 e aplica um golpe de &#8220;mata-le\u00e3o&#8221;. Enquanto a v\u00edtima era enforcada e agredida, o vigilante, de 43 anos, aparece nas imagens observando toda a cena a poucos metros de dist\u00e2ncia, mantendo as m\u00e3os nos bolsos e sem intervir.<\/p>\n\n\n\n<p class=\"wp-block-paragraph\">\u200bDe acordo com as investiga\u00e7\u00f5es, o seguran\u00e7a n\u00e3o apenas deixou de agir, como tamb\u00e9m n\u00e3o acionou a Pol\u00edcia Militar ou refor\u00e7os internos. Segundo o delegado Andr\u00e9 Garcia, a conduta do funcion\u00e1rio configura uma omiss\u00e3o relevante, uma vez que ele possu\u00eda o dever legal de garantir a seguran\u00e7a no local. &#8220;Ele assiste \u00e0 v\u00edtima sendo agredida e nada faz. Essa omiss\u00e3o se soma \u00e0 a\u00e7\u00e3o do criminoso e, juridicamente, ambos respondem pelo resultado do roubo&#8221;, explicou a autoridade policial.<\/p>\n\n\n\n<p class=\"wp-block-paragraph\">\u200b<strong>Desdobramentos e pris\u00f5es<\/strong><\/p>\n\n\n\n<p class=\"wp-block-paragraph\">O autor direto do assalto, que j\u00e1 possu\u00eda passagens pela pol\u00edcia, foi identificado e preso na \u00faltima sexta-feira (6). Com a pris\u00e3o dele e a an\u00e1lise detalhada das c\u00e2meras, a Pol\u00edcia Civil decidiu pelo indiciamento do seguran\u00e7a. Al\u00e9m da quest\u00e3o criminal, relatos indicam que o vigilante teria debochado da v\u00edtima ap\u00f3s o ocorrido, o que agravou a percep\u00e7\u00e3o de neglig\u00eancia.<\/p>\n\n\n\n<p class=\"wp-block-paragraph\">\u200b<strong>Posicionamento da Unespar<\/strong><\/p>\n\n\n\n<p class=\"wp-block-paragraph\">Em nota oficial, a Unespar informou que, assim que tomou conhecimento dos fatos, solicitou \u00e0 empresa terceirizada respons\u00e1vel pela vigil\u00e2ncia o afastamento imediato do funcion\u00e1rio. A institui\u00e7\u00e3o reiterou seu compromisso com a seguran\u00e7a da comunidade acad\u00eamica e afirmou estar colaborando plenamente com as investiga\u00e7\u00f5es da Pol\u00edcia Civil para o esclarecimento total do epis\u00f3dio.<\/p>\n\n\n\n<p class=\"wp-block-paragraph\">\u200bO inqu\u00e9rito agora segue para o Minist\u00e9rio P\u00fablico, que decidir\u00e1 sobre o oferecimento da den\u00fancia \u00e0 Justi\u00e7a. O seguran\u00e7a poder\u00e1 responder pelo artigo 157 do C\u00f3digo Penal (roubo), devido \u00e0 sua posi\u00e7\u00e3o de garantidor, cuja in\u00e9rcia contribuiu para a consuma\u00e7\u00e3o do delito.<\/p>\n","protected":false},"excerpt":{"rendered":"<p>Um seguran\u00e7a terceirizado da Universidade Estadual do Paran\u00e1 (Unespar), campus de Apucarana, foi indiciado pelo crime de roubo ap\u00f3s ser filmado presenciando um assalto violento [&#8230;]<\/p>\n","protected":false},"author":1,"featured_media":5564,"comment_status":"open","ping_status":"open","sticky":false,"template":"","format":"standard","meta":{"_crdt_document":"","_jetpack_memberships_contains_paid_content":false,"footnotes":"","jetpack_publicize_message":"","jetpack_publicize_feature_enabled":true,"jetpack_social_post_already_shared":true,"jetpack_social_options":{"image_generator_settings":{"template":"highway","default_image_id":0,"font":"","enabled":false},"version":2}},"categories":[1],"tags":[],"class_list":["post-5563","post","type-post","status-publish","format-standard","has-post-thumbnail","hentry","category-geral"],"jetpack_publicize_connections":[],"jetpack_featured_media_url":"https:\/\/i0.wp.com\/oexpressobr.com.br\/wp-content\/uploads\/2026\/03\/assalto1-1-.jpeg?fit=984%2C580&ssl=1","jetpack_likes_enabled":true,"jetpack_sharing_enabled":true,"_links":{"self":[{"href":"https:\/\/oexpressobr.com.br\/index.php?rest_route=\/wp\/v2\/posts\/5563","targetHints":{"allow":["GET"]}}],"collection":[{"href":"https:\/\/oexpressobr.com.br\/index.php?rest_route=\/wp\/v2\/posts"}],"about":[{"href":"https:\/\/oexpressobr.com.br\/index.php?rest_route=\/wp\/v2\/types\/post"}],"author":[{"embeddable":true,"href":"https:\/\/oexpressobr.com.br\/index.php?rest_route=\/wp\/v2\/users\/1"}],"replies":[{"embeddable":true,"href":"https:\/\/oexpressobr.com.br\/index.php?rest_route=%2Fwp%2Fv2%2Fcomments&post=5563"}],"version-history":[{"count":1,"href":"https:\/\/oexpressobr.com.br\/index.php?rest_route=\/wp\/v2\/posts\/5563\/revisions"}],"predecessor-version":[{"id":5565,"href":"https:\/\/oexpressobr.com.br\/index.php?rest_route=\/wp\/v2\/posts\/5563\/revisions\/5565"}],"wp:featuredmedia":[{"embeddable":true,"href":"https:\/\/oexpressobr.com.br\/index.php?rest_route=\/wp\/v2\/media\/5564"}],"wp:attachment":[{"href":"https:\/\/oexpressobr.com.br\/index.php?rest_route=%2Fwp%2Fv2%2Fmedia&parent=5563"}],"wp:term":[{"taxonomy":"category","embeddable":true,"href":"https:\/\/oexpressobr.com.br\/index.php?rest_route=%2Fwp%2Fv2%2Fcategories&post=5563"},{"taxonomy":"post_tag","embeddable":true,"href":"https:\/\/oexpressobr.com.br\/index.php?rest_route=%2Fwp%2Fv2%2Ftags&post=5563"}],"curies":[{"name":"wp","href":"https:\/\/api.w.org\/{rel}","templated":true}]}}