{"id":5567,"date":"2026-03-10T20:19:03","date_gmt":"2026-03-10T23:19:03","guid":{"rendered":"https:\/\/oexpressobr.com.br\/?p=5567"},"modified":"2026-03-10T20:19:13","modified_gmt":"2026-03-10T23:19:13","slug":"valdemar-costa-neto-e-eduardo-bolsonaro-articulam-estrategia-conservadora-nos-eua","status":"publish","type":"post","link":"https:\/\/oexpressobr.com.br\/?p=5567","title":{"rendered":"Valdemar Costa Neto e Eduardo Bolsonaro articulam estrat\u00e9gia conservadora nos EUA"},"content":{"rendered":"\n<p class=\"wp-block-paragraph\">O cen\u00e1rio pol\u00edtico internacional tornou-se o novo palco de articula\u00e7\u00e3o para a direita brasileira. Recentemente, o presidente do Partido Liberal (PL), Valdemar Costa Neto, e o deputado federal Eduardo Bolsonaro (PL-SP) estiveram em solo americano para consolidar alian\u00e7as e definir os pr\u00f3ximos passos da oposi\u00e7\u00e3o, em um momento de crescente tens\u00e3o com o Judici\u00e1rio brasileiro.<\/p>\n\n\n\n<h3 class=\"wp-block-heading\">\u200bAlian\u00e7a internacional e o fator Trump<\/h3>\n\n\n\n<p class=\"wp-block-paragraph\">\u200bEduardo Bolsonaro tem atuado como o principal interlocutor da fam\u00edlia com a ala conservadora dos Estados Unidos. Durante sua perman\u00eancia no pa\u00eds, o parlamentar intensificou o contato com figuras ligadas a Donald Trump, buscando apoio internacional para as pautas da direita no Brasil.<\/p>\n\n\n\n<p class=\"wp-block-paragraph\">\u200bValdemar Costa Neto, por sua vez, refor\u00e7ou publicamente a import\u00e2ncia dessa interlocu\u00e7\u00e3o. Em declara\u00e7\u00f5es recentes, o dirigente partid\u00e1rio afirmou que a atua\u00e7\u00e3o de Eduardo no exterior \u00e9 fundamental para &#8220;mostrar ao mundo o que est\u00e1 acontecendo no Brasil&#8221;. Para Valdemar, o retorno de Trump \u00e0 Casa Branca \u00e9 visto como uma pe\u00e7a-chave para o equil\u00edbrio pol\u00edtico na Am\u00e9rica Latina, podendo influenciar diretamente o futuro do ex-presidente Jair Bolsonaro.<\/p>\n\n\n\n<h3 class=\"wp-block-heading\">\u200bLicen\u00e7a parlamentar e foco na &#8220;resist\u00eancia&#8221;<\/h3>\n\n\n\n<p class=\"wp-block-paragraph\">\u200bO encontro nos EUA ocorre em um contexto de licen\u00e7a de Eduardo Bolsonaro de suas atividades na C\u00e2mara dos Deputados. O parlamentar alegou persegui\u00e7\u00e3o pol\u00edtica para justificar sua perman\u00eancia prolongada no exterior, focando em eventos como a CPAC (Conservative Political Action Conference), onde discursou sobre as restri\u00e7\u00f5es impostas pelo Supremo Tribunal Federal (STF) a aliados de seu pai.<\/p>\n\n\n\n<h3 class=\"wp-block-heading\">\u200bA estrat\u00e9gia para 2026<\/h3>\n\n\n\n<p class=\"wp-block-paragraph\">\u200bApesar de eventuais ru\u00eddos internos no PL \u2014 como as discuss\u00f5es sobre a poss\u00edvel candidatura do governador Tarc\u00edsio de Freitas \u00e0 Presid\u00eancia, que gerou amea\u00e7as de sa\u00edda de Eduardo do partido \u2014 Valdemar tem trabalhado para selar a paz. O presidente do PL garantiu que Eduardo tem &#8220;vaga garantida&#8221; para disputar o Senado por S\u00e3o Paulo em 2026 e que qualquer decis\u00e3o sobre o comando da oposi\u00e7\u00e3o passar\u00e1, invariavelmente, pelo crivo de Jair Bolsonaro.<\/p>\n\n\n\n<p class=\"wp-block-paragraph\">\u200bO encontro nos EUA sinaliza que, mesmo com as restri\u00e7\u00f5es judiciais que impedem o contato direto de Valdemar com o ex-presidente em determinados per\u00edodos, a engrenagem do PL continua operando atrav\u00e9s de Eduardo, utilizando a visibilidade internacional como escudo e ferramenta de press\u00e3o pol\u00edtica.<\/p>\n","protected":false},"excerpt":{"rendered":"<p>O cen\u00e1rio pol\u00edtico internacional tornou-se o novo palco de articula\u00e7\u00e3o para a direita brasileira. Recentemente, o presidente do Partido Liberal (PL), Valdemar Costa Neto, e [&#8230;]<\/p>\n","protected":false},"author":1,"featured_media":5568,"comment_status":"open","ping_status":"open","sticky":false,"template":"","format":"standard","meta":{"_crdt_document":"","_jetpack_memberships_contains_paid_content":false,"footnotes":"","jetpack_publicize_message":"","jetpack_publicize_feature_enabled":true,"jetpack_social_post_already_shared":true,"jetpack_social_options":{"image_generator_settings":{"template":"highway","default_image_id":0,"font":"","enabled":false},"version":2}},"categories":[7],"tags":[],"class_list":["post-5567","post","type-post","status-publish","format-standard","has-post-thumbnail","hentry","category-politica"],"jetpack_publicize_connections":[],"jetpack_featured_media_url":"https:\/\/i0.wp.com\/oexpressobr.com.br\/wp-content\/uploads\/2026\/03\/Eduardo-Bolsonaro-e-Valdemar-Costa-Neto.webp?fit=900%2C679&ssl=1","jetpack_likes_enabled":true,"jetpack_sharing_enabled":true,"_links":{"self":[{"href":"https:\/\/oexpressobr.com.br\/index.php?rest_route=\/wp\/v2\/posts\/5567","targetHints":{"allow":["GET"]}}],"collection":[{"href":"https:\/\/oexpressobr.com.br\/index.php?rest_route=\/wp\/v2\/posts"}],"about":[{"href":"https:\/\/oexpressobr.com.br\/index.php?rest_route=\/wp\/v2\/types\/post"}],"author":[{"embeddable":true,"href":"https:\/\/oexpressobr.com.br\/index.php?rest_route=\/wp\/v2\/users\/1"}],"replies":[{"embeddable":true,"href":"https:\/\/oexpressobr.com.br\/index.php?rest_route=%2Fwp%2Fv2%2Fcomments&post=5567"}],"version-history":[{"count":1,"href":"https:\/\/oexpressobr.com.br\/index.php?rest_route=\/wp\/v2\/posts\/5567\/revisions"}],"predecessor-version":[{"id":5569,"href":"https:\/\/oexpressobr.com.br\/index.php?rest_route=\/wp\/v2\/posts\/5567\/revisions\/5569"}],"wp:featuredmedia":[{"embeddable":true,"href":"https:\/\/oexpressobr.com.br\/index.php?rest_route=\/wp\/v2\/media\/5568"}],"wp:attachment":[{"href":"https:\/\/oexpressobr.com.br\/index.php?rest_route=%2Fwp%2Fv2%2Fmedia&parent=5567"}],"wp:term":[{"taxonomy":"category","embeddable":true,"href":"https:\/\/oexpressobr.com.br\/index.php?rest_route=%2Fwp%2Fv2%2Fcategories&post=5567"},{"taxonomy":"post_tag","embeddable":true,"href":"https:\/\/oexpressobr.com.br\/index.php?rest_route=%2Fwp%2Fv2%2Ftags&post=5567"}],"curies":[{"name":"wp","href":"https:\/\/api.w.org\/{rel}","templated":true}]}}