{"id":5570,"date":"2026-03-10T20:25:20","date_gmt":"2026-03-10T23:25:20","guid":{"rendered":"https:\/\/oexpressobr.com.br\/?p=5570"},"modified":"2026-03-10T20:25:27","modified_gmt":"2026-03-10T23:25:27","slug":"servidores-da-assistencia-social-do-gdf-decidem-por-paralisacao-geral","status":"publish","type":"post","link":"https:\/\/oexpressobr.com.br\/?p=5570","title":{"rendered":"Servidores da assist\u00eancia social do GDF decidem por paralisa\u00e7\u00e3o geral"},"content":{"rendered":"\n<p class=\"wp-block-paragraph\">Os servidores da carreira de Assist\u00eancia P\u00fablica \u00e0 Sa\u00fade e Social do Distrito Federal anunciaram a suspens\u00e3o de suas atividades por tempo indeterminado. A decis\u00e3o, tomada em assembleia geral da categoria, coloca sob press\u00e3o o Governo do Distrito Federal (GDF) em um momento de crescente demanda por servi\u00e7os de prote\u00e7\u00e3o social e acolhimento.<\/p>\n\n\n\n<h3 class=\"wp-block-heading\">\u200bOs principais motivos do impasse<\/h3>\n\n\n\n<p class=\"wp-block-paragraph\">\u200bA greve \u00e9 o \u00e1pice de um longo processo de negocia\u00e7\u00e3o que, segundo os representantes do sindicato (<strong>Sindsasc<\/strong>), n\u00e3o avan\u00e7ou conforme o esperado. Os profissionais reivindicam, entre outros pontos:<\/p>\n\n\n\n<ul class=\"wp-block-list\">\n<li>\u200b<strong>Reestrutura\u00e7\u00e3o da carreira:<\/strong> Atualiza\u00e7\u00e3o das tabelas salariais e progress\u00f5es que acompanhem a infla\u00e7\u00e3o.<\/li>\n\n\n\n<li>\u200b<strong>Nomea\u00e7\u00e3o de novos servidores:<\/strong> A categoria alega que o d\u00e9ficit de pessoal sobrecarrega as unidades, prejudicando o atendimento \u00e0 popula\u00e7\u00e3o em situa\u00e7\u00e3o de vulnerabilidade.<\/li>\n\n\n\n<li>\u200b<strong>Melhoria nas condi\u00e7\u00f5es de trabalho:<\/strong> Relatos de infraestrutura prec\u00e1ria nos Centros de Refer\u00eancia de Assist\u00eancia Social (CRAS) e Centros de Refer\u00eancia Especializado de Assist\u00eancia Social (CREAS).<\/li>\n<\/ul>\n\n\n\n<h3 class=\"wp-block-heading\">\u200bImpacto direto no atendimento<\/h3>\n\n\n\n<p class=\"wp-block-paragraph\">\u200bCom a paralisa\u00e7\u00e3o, servi\u00e7os essenciais podem sofrer interrup\u00e7\u00f5es significativas. O atendimento para inscri\u00e7\u00e3o e atualiza\u00e7\u00e3o do <strong>Cadastro \u00danico (Cad\u00danico)<\/strong>, fundamental para o recebimento do Bolsa Fam\u00edlia e outros benef\u00edcios, deve ser um dos mais afetados.<\/p>\n\n\n\n<p class=\"wp-block-paragraph\">\u200bO GDF, por sua vez, afirma estar aberto ao di\u00e1logo, mas ressalta as limita\u00e7\u00f5es or\u00e7ament\u00e1rias impostas pela Lei de Responsabilidade Fiscal. O governo geralmente busca, em inst\u00e2ncias judiciais, a manuten\u00e7\u00e3o de um percentual m\u00ednimo de servidores trabalhando para garantir que os servi\u00e7os essenciais n\u00e3o parem totalmente.<\/p>\n\n\n\n<blockquote class=\"wp-block-quote is-layout-flow wp-block-quote-is-layout-flow\">\n<p class=\"wp-block-paragraph\">\u200b<strong>Nota do Redator:<\/strong> A assist\u00eancia social \u00e9 o pilar que sustenta as fam\u00edlias mais atingidas pelas crises econ\u00f4micas. Uma greve neste setor n\u00e3o \u00e9 apenas uma disputa trabalhista, mas um sinal de alerta para a rede de prote\u00e7\u00e3o do Distrito Federal.<\/p>\n<\/blockquote>\n","protected":false},"excerpt":{"rendered":"<p>Os servidores da carreira de Assist\u00eancia P\u00fablica \u00e0 Sa\u00fade e Social do Distrito Federal anunciaram a suspens\u00e3o de suas atividades por tempo indeterminado. A decis\u00e3o, [&#8230;]<\/p>\n","protected":false},"author":1,"featured_media":5571,"comment_status":"open","ping_status":"open","sticky":false,"template":"","format":"standard","meta":{"_crdt_document":"","_jetpack_memberships_contains_paid_content":false,"footnotes":"","jetpack_publicize_message":"","jetpack_publicize_feature_enabled":true,"jetpack_social_post_already_shared":true,"jetpack_social_options":{"image_generator_settings":{"template":"highway","default_image_id":0,"font":"","enabled":false},"version":2}},"categories":[3],"tags":[],"class_list":["post-5570","post","type-post","status-publish","format-standard","has-post-thumbnail","hentry","category-brasil"],"jetpack_publicize_connections":[],"jetpack_featured_media_url":"https:\/\/i0.wp.com\/oexpressobr.com.br\/wp-content\/uploads\/2026\/03\/greve-1.webp?fit=900%2C600&ssl=1","jetpack_likes_enabled":true,"jetpack_sharing_enabled":true,"_links":{"self":[{"href":"https:\/\/oexpressobr.com.br\/index.php?rest_route=\/wp\/v2\/posts\/5570","targetHints":{"allow":["GET"]}}],"collection":[{"href":"https:\/\/oexpressobr.com.br\/index.php?rest_route=\/wp\/v2\/posts"}],"about":[{"href":"https:\/\/oexpressobr.com.br\/index.php?rest_route=\/wp\/v2\/types\/post"}],"author":[{"embeddable":true,"href":"https:\/\/oexpressobr.com.br\/index.php?rest_route=\/wp\/v2\/users\/1"}],"replies":[{"embeddable":true,"href":"https:\/\/oexpressobr.com.br\/index.php?rest_route=%2Fwp%2Fv2%2Fcomments&post=5570"}],"version-history":[{"count":1,"href":"https:\/\/oexpressobr.com.br\/index.php?rest_route=\/wp\/v2\/posts\/5570\/revisions"}],"predecessor-version":[{"id":5572,"href":"https:\/\/oexpressobr.com.br\/index.php?rest_route=\/wp\/v2\/posts\/5570\/revisions\/5572"}],"wp:featuredmedia":[{"embeddable":true,"href":"https:\/\/oexpressobr.com.br\/index.php?rest_route=\/wp\/v2\/media\/5571"}],"wp:attachment":[{"href":"https:\/\/oexpressobr.com.br\/index.php?rest_route=%2Fwp%2Fv2%2Fmedia&parent=5570"}],"wp:term":[{"taxonomy":"category","embeddable":true,"href":"https:\/\/oexpressobr.com.br\/index.php?rest_route=%2Fwp%2Fv2%2Fcategories&post=5570"},{"taxonomy":"post_tag","embeddable":true,"href":"https:\/\/oexpressobr.com.br\/index.php?rest_route=%2Fwp%2Fv2%2Ftags&post=5570"}],"curies":[{"name":"wp","href":"https:\/\/api.w.org\/{rel}","templated":true}]}}