{"id":5576,"date":"2026-03-10T20:36:49","date_gmt":"2026-03-10T23:36:49","guid":{"rendered":"https:\/\/oexpressobr.com.br\/?p=5576"},"modified":"2026-03-10T20:36:57","modified_gmt":"2026-03-10T23:36:57","slug":"stf-rejeita-queixa-crime-de-kajuru-contra-gustavo-gayer-por-falta-de-justa-causa","status":"publish","type":"post","link":"https:\/\/oexpressobr.com.br\/?p=5576","title":{"rendered":"STF rejeita queixa-crime de Kajuru contra Gustavo Gayer por falta de justa causa"},"content":{"rendered":"\n<p class=\"wp-block-paragraph\">A Segunda Turma do Supremo Tribunal Federal (STF) decidiu, nesta ter\u00e7a-feira (10), rejeitar a queixa-crime apresentada pelo senador Jorge Kajuru (PSB-GO) contra o deputado federal Gustavo Gayer (PL-GO). O colegiado seguiu o entendimento de que as declara\u00e7\u00f5es proferidas pelo deputado, embora \u00e1cidas, est\u00e3o protegidas pela imunidade parlamentar e n\u00e3o possuem relev\u00e2ncia penal para a abertura de uma a\u00e7\u00e3o judicial.<\/p>\n\n\n\n<p class=\"wp-block-paragraph\">\u200bO caso teve origem em um v\u00eddeo publicado por Gayer em suas redes sociais em 2024. Na grava\u00e7\u00e3o, o deputado teceu cr\u00edticas contundentes \u00e0 atua\u00e7\u00e3o de Kajuru, utilizando termos como \u201cpsicopata\u201d, \u201ccaricatura\u201d e \u201cser enlouquecido\u201d. Diante das ofensas, o senador acionou a Suprema Corte acusando o parlamentar da pr\u00e1tica dos crimes de inj\u00faria e difama\u00e7\u00e3o.<\/p>\n\n\n\n<p class=\"wp-block-paragraph\">\u200b<strong>Imunidade e debate pol\u00edtico<\/strong><\/p>\n\n\n\n<p class=\"wp-block-paragraph\">\u200bO relator do processo, ministro Nunes Marques, fundamentou seu voto argumentando que as manifesta\u00e7\u00f5es de Gustavo Gayer ocorreram dentro de um contexto de debate pol\u00edtico entre dois parlamentares do mesmo estado. Segundo o ministro, o Artigo 53 da Constitui\u00e7\u00e3o Federal garante a deputados e senadores a inviolabilidade civil e penal por suas opini\u00f5es, palavras e votos.<\/p>\n\n\n\n<p class=\"wp-block-paragraph\">\u200bPara Nunes Marques, as cr\u00edticas \u2014 ainda que incisivas e desagrad\u00e1veis \u2014 guardam rela\u00e7\u00e3o direta com o exerc\u00edcio do mandato e a disputa de narrativas pol\u00edticas, o que impede a interven\u00e7\u00e3o do Direito Penal. O entendimento foi acompanhado pelos ministros Andr\u00e9 Mendon\u00e7a, Luiz Fux e Dias Toffoli.<\/p>\n\n\n\n<p class=\"wp-block-paragraph\">\u200bHouve, contudo, uma diverg\u00eancia parcial na fundamenta\u00e7\u00e3o. O ministro Gilmar Mendes, ao apresentar seu voto-vista, acompanhou o relator no resultado final (pela rejei\u00e7\u00e3o da queixa), mas defendeu que o motivo seria a &#8220;atipicidade dos fatos&#8221; (falta de crime configurado) e a aus\u00eancia de justa causa, em vez de focar exclusivamente na imunidade parlamentar absoluta para ofensas pessoais.<\/p>\n\n\n\n<p class=\"wp-block-paragraph\">\u200b<strong>Hist\u00f3rico de embates<\/strong><\/p>\n\n\n\n<p class=\"wp-block-paragraph\">\u200bEsta n\u00e3o \u00e9 a primeira vez que os dois parlamentares goianos se enfrentam no Judici\u00e1rio. Gustavo Gayer j\u00e1 respondeu a outros processos por declara\u00e7\u00f5es similares envolvendo n\u00e3o apenas Kajuru, mas tamb\u00e9m o senador Vanderlan Cardoso (PSD-GO). Em epis\u00f3dios anteriores, Gayer chegou a ser tornado r\u00e9u, mas o cen\u00e1rio jur\u00eddico recente tem sinalizado uma interpreta\u00e7\u00e3o mais protetiva quanto \u00e0s falas de congressistas no ambiente digital, desde que relacionadas ao embate pol\u00edtico regional ou nacional.<\/p>\n\n\n\n<p class=\"wp-block-paragraph\">\u200bCom a decis\u00e3o da Segunda Turma, o processo (Pet 12.372) deve ser arquivado, encerrando mais um cap\u00edtulo da polarizada disputa pol\u00edtica entre os representantes de Goi\u00e1s em Bras\u00edlia.<\/p>\n","protected":false},"excerpt":{"rendered":"<p>A Segunda Turma do Supremo Tribunal Federal (STF) decidiu, nesta ter\u00e7a-feira (10), rejeitar a queixa-crime apresentada pelo senador Jorge Kajuru (PSB-GO) contra o deputado federal [&#8230;]<\/p>\n","protected":false},"author":1,"featured_media":5577,"comment_status":"open","ping_status":"open","sticky":false,"template":"","format":"standard","meta":{"_crdt_document":"","_jetpack_memberships_contains_paid_content":false,"footnotes":"","jetpack_publicize_message":"","jetpack_publicize_feature_enabled":true,"jetpack_social_post_already_shared":true,"jetpack_social_options":{"image_generator_settings":{"template":"highway","default_image_id":0,"font":"","enabled":false},"version":2}},"categories":[8],"tags":[],"class_list":["post-5576","post","type-post","status-publish","format-standard","has-post-thumbnail","hentry","category-judiciario"],"jetpack_publicize_connections":[],"jetpack_featured_media_url":"https:\/\/i0.wp.com\/oexpressobr.com.br\/wp-content\/uploads\/2026\/03\/Gustavo-Gayer-6.webp?fit=900%2C600&ssl=1","jetpack_likes_enabled":true,"jetpack_sharing_enabled":true,"_links":{"self":[{"href":"https:\/\/oexpressobr.com.br\/index.php?rest_route=\/wp\/v2\/posts\/5576","targetHints":{"allow":["GET"]}}],"collection":[{"href":"https:\/\/oexpressobr.com.br\/index.php?rest_route=\/wp\/v2\/posts"}],"about":[{"href":"https:\/\/oexpressobr.com.br\/index.php?rest_route=\/wp\/v2\/types\/post"}],"author":[{"embeddable":true,"href":"https:\/\/oexpressobr.com.br\/index.php?rest_route=\/wp\/v2\/users\/1"}],"replies":[{"embeddable":true,"href":"https:\/\/oexpressobr.com.br\/index.php?rest_route=%2Fwp%2Fv2%2Fcomments&post=5576"}],"version-history":[{"count":1,"href":"https:\/\/oexpressobr.com.br\/index.php?rest_route=\/wp\/v2\/posts\/5576\/revisions"}],"predecessor-version":[{"id":5578,"href":"https:\/\/oexpressobr.com.br\/index.php?rest_route=\/wp\/v2\/posts\/5576\/revisions\/5578"}],"wp:featuredmedia":[{"embeddable":true,"href":"https:\/\/oexpressobr.com.br\/index.php?rest_route=\/wp\/v2\/media\/5577"}],"wp:attachment":[{"href":"https:\/\/oexpressobr.com.br\/index.php?rest_route=%2Fwp%2Fv2%2Fmedia&parent=5576"}],"wp:term":[{"taxonomy":"category","embeddable":true,"href":"https:\/\/oexpressobr.com.br\/index.php?rest_route=%2Fwp%2Fv2%2Fcategories&post=5576"},{"taxonomy":"post_tag","embeddable":true,"href":"https:\/\/oexpressobr.com.br\/index.php?rest_route=%2Fwp%2Fv2%2Ftags&post=5576"}],"curies":[{"name":"wp","href":"https:\/\/api.w.org\/{rel}","templated":true}]}}