{"id":5579,"date":"2026-03-10T20:42:10","date_gmt":"2026-03-10T23:42:10","guid":{"rendered":"https:\/\/oexpressobr.com.br\/?p=5579"},"modified":"2026-03-10T20:42:18","modified_gmt":"2026-03-10T23:42:18","slug":"senado-aprova-reestruturacao-de-carreiras-e-criacao-de-178-mil-cargos-no-executivo-com-impacto-de-r-53-bilhoes","status":"publish","type":"post","link":"https:\/\/oexpressobr.com.br\/?p=5579","title":{"rendered":"Senado aprova reestrutura\u00e7\u00e3o de carreiras e cria\u00e7\u00e3o de 17,8 mil cargos no Executivo com impacto de R$ 5,3 bilh\u00f5es"},"content":{"rendered":"\n<p class=\"wp-block-paragraph\">O Senado Federal aprovou nesta ter\u00e7a-feira (10) o projeto de lei que promove uma ampla reestrutura\u00e7\u00e3o nas carreiras do servi\u00e7o p\u00fablico federal, prevendo reajustes salariais e a cria\u00e7\u00e3o de mais de 17,8 mil novos cargos. A proposta, de autoria do Poder Executivo, agora segue para a san\u00e7\u00e3o do presidente Luiz In\u00e1cio Lula da Silva. O impacto financeiro estimado para os cofres p\u00fablicos \u00e9 de R$ 5,3 bilh\u00f5es apenas em 2026.<\/p>\n\n\n\n<p class=\"wp-block-paragraph\">\u200bA vota\u00e7\u00e3o ocorreu de forma simb\u00f3lica e contou com a presen\u00e7a da ministra da Gest\u00e3o e da Inova\u00e7\u00e3o em Servi\u00e7os P\u00fablicos, Esther Dweck, e do presidente da C\u00e2mara, Hugo Motta (Republicanos-PB). O relator da mat\u00e9ria no Senado, Randolfe Rodrigues (PT-AP), defendeu o texto como &#8220;o maior plano de valoriza\u00e7\u00e3o do servi\u00e7o p\u00fablico da hist\u00f3ria do Brasil&#8221;, ressaltando que a medida corrige distor\u00e7\u00f5es de anos de congelamento salarial.<\/p>\n\n\n\n<h3 class=\"wp-block-heading\">\u200bDistribui\u00e7\u00e3o de cargos e recursos<\/h3>\n\n\n\n<p class=\"wp-block-paragraph\">\u200bDe acordo com o texto aprovado, o impacto or\u00e7ament\u00e1rio est\u00e1 dividido em dois eixos principais:<\/p>\n\n\n\n<ul class=\"wp-block-list\">\n<li>\u200b<strong>R$ 1,1 bilh\u00e3o:<\/strong> Destinado \u00e0 cria\u00e7\u00e3o de 16.363 cargos no Minist\u00e9rio da Educa\u00e7\u00e3o (MEC) \u2014 incluindo 13 mil novos professores para ensino superior e institutos federais \u2014 e 1.500 cargos no Minist\u00e9rio da Gest\u00e3o e Inova\u00e7\u00e3o (MGI).<\/li>\n\n\n\n<li>\u200b<strong>R$ 4,2 bilh\u00f5es:<\/strong> Referentes a reajustes salariais, gratifica\u00e7\u00f5es e reorganiza\u00e7\u00e3o de carreiras j\u00e1 existentes, como as da Receita Federal e da Auditoria-Fiscal do Trabalho.<\/li>\n<\/ul>\n\n\n\n<h3 class=\"wp-block-heading\">\u200bNovidades e acordos pol\u00edticos<\/h3>\n\n\n\n<p class=\"wp-block-paragraph\">\u200bO projeto tamb\u00e9m incluiu a cria\u00e7\u00e3o do Instituto Federal do Sert\u00e3o Paraibano, com sede em Patos (PB), cidade que \u00e9 reduto eleitoral de Hugo Motta. Al\u00e9m disso, a proposta altera as regras para a escolha de reitores em universidades federais, estabelecendo o fim da lista tr\u00edplice e instituindo o peso igual para votos de professores, t\u00e9cnicos e estudantes (voto parit\u00e1rio).<\/p>\n\n\n\n<p class=\"wp-block-paragraph\">\u200bOutro ponto de destaque \u00e9 a unifica\u00e7\u00e3o de diversas fun\u00e7\u00f5es de n\u00edvel superior sob a nova carreira de Analista T\u00e9cnico do Poder Executivo (ATE), visando simplificar a gest\u00e3o de pessoal.<\/p>\n\n\n\n<h3 class=\"wp-block-heading\">\u200bEmbate sobre &#8220;penduricalhos&#8221;<\/h3>\n\n\n\n<p class=\"wp-block-paragraph\">\u200bA aprova\u00e7\u00e3o ocorre em meio a discuss\u00f5es sobre o corte de gastos p\u00fablicos e o fim de &#8220;penduricalhos&#8221; (benef\u00edcios acima do teto constitucional). O senador Randolfe Rodrigues rebateu cr\u00edticas sobre o aumento de gastos, afirmando que a valoriza\u00e7\u00e3o n\u00e3o se confunde com supersal\u00e1rios. &#8220;Penduricalho \u00e9 estar acima do teto. Valoriza\u00e7\u00e3o dos servidores \u00e9 um compromisso democr\u00e1tico&#8221;, afirmou o parlamentar.<\/p>\n\n\n\n<p class=\"wp-block-paragraph\">\u200bCom a san\u00e7\u00e3o presidencial, as novas tabelas remunerat\u00f3rias devem entrar em vigor de forma escalonada, com implementa\u00e7\u00f5es previstas para abril de 2026.<\/p>\n","protected":false},"excerpt":{"rendered":"<p>O Senado Federal aprovou nesta ter\u00e7a-feira (10) o projeto de lei que promove uma ampla reestrutura\u00e7\u00e3o nas carreiras do servi\u00e7o p\u00fablico federal, prevendo reajustes salariais [&#8230;]<\/p>\n","protected":false},"author":1,"featured_media":5580,"comment_status":"open","ping_status":"open","sticky":false,"template":"","format":"standard","meta":{"_crdt_document":"","_jetpack_memberships_contains_paid_content":false,"footnotes":"","jetpack_publicize_message":"","jetpack_publicize_feature_enabled":true,"jetpack_social_post_already_shared":true,"jetpack_social_options":{"image_generator_settings":{"template":"highway","default_image_id":0,"font":"","enabled":false},"version":2}},"categories":[3],"tags":[],"class_list":["post-5579","post","type-post","status-publish","format-standard","has-post-thumbnail","hentry","category-brasil"],"jetpack_publicize_connections":[],"jetpack_featured_media_url":"https:\/\/i0.wp.com\/oexpressobr.com.br\/wp-content\/uploads\/2026\/03\/IMG-20260310-WA0445.jpg?fit=900%2C600&ssl=1","jetpack_likes_enabled":true,"jetpack_sharing_enabled":true,"_links":{"self":[{"href":"https:\/\/oexpressobr.com.br\/index.php?rest_route=\/wp\/v2\/posts\/5579","targetHints":{"allow":["GET"]}}],"collection":[{"href":"https:\/\/oexpressobr.com.br\/index.php?rest_route=\/wp\/v2\/posts"}],"about":[{"href":"https:\/\/oexpressobr.com.br\/index.php?rest_route=\/wp\/v2\/types\/post"}],"author":[{"embeddable":true,"href":"https:\/\/oexpressobr.com.br\/index.php?rest_route=\/wp\/v2\/users\/1"}],"replies":[{"embeddable":true,"href":"https:\/\/oexpressobr.com.br\/index.php?rest_route=%2Fwp%2Fv2%2Fcomments&post=5579"}],"version-history":[{"count":1,"href":"https:\/\/oexpressobr.com.br\/index.php?rest_route=\/wp\/v2\/posts\/5579\/revisions"}],"predecessor-version":[{"id":5581,"href":"https:\/\/oexpressobr.com.br\/index.php?rest_route=\/wp\/v2\/posts\/5579\/revisions\/5581"}],"wp:featuredmedia":[{"embeddable":true,"href":"https:\/\/oexpressobr.com.br\/index.php?rest_route=\/wp\/v2\/media\/5580"}],"wp:attachment":[{"href":"https:\/\/oexpressobr.com.br\/index.php?rest_route=%2Fwp%2Fv2%2Fmedia&parent=5579"}],"wp:term":[{"taxonomy":"category","embeddable":true,"href":"https:\/\/oexpressobr.com.br\/index.php?rest_route=%2Fwp%2Fv2%2Fcategories&post=5579"},{"taxonomy":"post_tag","embeddable":true,"href":"https:\/\/oexpressobr.com.br\/index.php?rest_route=%2Fwp%2Fv2%2Ftags&post=5579"}],"curies":[{"name":"wp","href":"https:\/\/api.w.org\/{rel}","templated":true}]}}