{"id":558,"date":"2025-12-11T07:29:53","date_gmt":"2025-12-11T10:29:53","guid":{"rendered":"https:\/\/oexpressobr.com.br\/?p=558"},"modified":"2025-12-11T07:29:54","modified_gmt":"2025-12-11T10:29:54","slug":"camara-suspende-deputado-glauber-braga-por-seis-meses-pena-de-cassacao-e-trocada-em-reviravolta-no-plenario","status":"publish","type":"post","link":"https:\/\/oexpressobr.com.br\/?p=558","title":{"rendered":"C\u00e2mara suspende deputado Glauber Braga por seis meses; pena de cassa\u00e7\u00e3o \u00e9 trocada em reviravolta no plen\u00e1rio"},"content":{"rendered":"\n<p class=\"wp-block-paragraph\">O deputado federal Glauber Braga (Psol-RJ) escapou da cassa\u00e7\u00e3o de seu mandato na noite de ontem, quarta-feira (10), ap\u00f3s o plen\u00e1rio da C\u00e2mara dos Deputados aprovar a substitui\u00e7\u00e3o da pena m\u00e1xima por uma suspens\u00e3o de seis meses. A decis\u00e3o, considerada uma &#8220;vit\u00f3ria coletiva&#8221; pelo parlamentar, encerra um tenso processo de quebra de decoro que vinha se arrastando na Casa.<\/p>\n\n\n\n<p class=\"wp-block-paragraph\">\u200bA suspens\u00e3o foi aprovada por 318 votos a favor, 141 contra e tr\u00eas absten\u00e7\u00f5es. A vota\u00e7\u00e3o s\u00f3 ocorreu ap\u00f3s uma articula\u00e7\u00e3o da esquerda, que conseguiu aprovar, por uma margem apertada de 226 votos a 220, um requerimento para analisar a pena mais branda de suspens\u00e3o antes da cassa\u00e7\u00e3o, que exigiria 257 votos para ser confirmada.<\/p>\n\n\n\n<h3 class=\"wp-block-heading\">\u200bO Caso de Quebra de Decoro<\/h3>\n\n\n\n<p class=\"wp-block-paragraph\">\u200bA representa\u00e7\u00e3o contra Glauber Braga foi apresentada pelo partido Novo e motivada por um incidente ocorrido em abril de 2024, quando o deputado expulsou, com empurr\u00f5es e chutes, o ativista Gabriel Costenaro, integrante do Movimento Brasil Livre (MBL), das depend\u00eancias da C\u00e2mara. Em sua defesa, o deputado do PSOL alegou ter agido em rea\u00e7\u00e3o a ofensas proferidas por Costenaro contra sua m\u00e3e, que sofria com Alzheimer avan\u00e7ado.<\/p>\n\n\n\n<p class=\"wp-block-paragraph\">\u200bEm discurso no plen\u00e1rio, Braga manteve a defesa de sua conduta, afirmando que o processo de cassa\u00e7\u00e3o era, na verdade, uma persegui\u00e7\u00e3o pol\u00edtica motivada por suas frequentes den\u00fancias contra o or\u00e7amento secreto, \u00e0 \u00e9poca defendido pela antiga gest\u00e3o da C\u00e2mara.<\/p>\n\n\n\n<h3 class=\"wp-block-heading\">\u200bReviravolta e Articula\u00e7\u00e3o Pol\u00edtica<\/h3>\n\n\n\n<p class=\"wp-block-paragraph\">\u200bA vota\u00e7\u00e3o foi marcada por intensa mobiliza\u00e7\u00e3o e reviravolta. At\u00e9 a manh\u00e3 de quarta-feira, a cassa\u00e7\u00e3o de Glauber era dada como prov\u00e1vel. No entanto, o cen\u00e1rio mudou ap\u00f3s uma forte articula\u00e7\u00e3o da bancada do Psol, com o apoio de deputados de partidos de esquerda e o engajamento de alas moderadas do Centr\u00e3o, que se preocuparam com o precedente que uma cassa\u00e7\u00e3o por um motivo como este poderia abrir.<\/p>\n\n\n\n<p class=\"wp-block-paragraph\">\u200bA tens\u00e3o atingiu o \u00e1pice na v\u00e9spera da vota\u00e7\u00e3o, quando Glauber Braga ocupou a cadeira da Presid\u00eancia da C\u00e2mara, em protesto contra a pauta. Ele foi retirado \u00e0 for\u00e7a pela Pol\u00edcia Legislativa, em um ato que gerou tumulto, levou ao corte do sinal da TV C\u00e2mara e gerou cr\u00edticas de associa\u00e7\u00f5es de imprensa.<\/p>\n\n\n\n<p class=\"wp-block-paragraph\">\u200bCom a suspens\u00e3o, Glauber Braga ficar\u00e1 afastado do cargo por seis meses, mas n\u00e3o perder\u00e1 seus direitos pol\u00edticos, o que teria ocorrido em caso de cassa\u00e7\u00e3o. Durante o per\u00edodo de afastamento, a suplente que assumir\u00e1 sua vaga \u00e9 a ex-senadora Helo\u00edsa Helena.<\/p>\n\n\n\n<p class=\"wp-block-paragraph\">\u200bO desfecho do caso de Braga ocorreu no mesmo dia em que a C\u00e2mara avan\u00e7ava no processo que pode levar \u00e0 cassa\u00e7\u00e3o do mandato da deputada Carla Zambelli (PL-SP), presa na It\u00e1lia desde julho.<\/p>\n","protected":false},"excerpt":{"rendered":"<p>O deputado federal Glauber Braga (Psol-RJ) escapou da cassa\u00e7\u00e3o de seu mandato na noite de ontem, quarta-feira (10), ap\u00f3s o plen\u00e1rio da C\u00e2mara dos Deputados [&#8230;]<\/p>\n","protected":false},"author":1,"featured_media":559,"comment_status":"open","ping_status":"open","sticky":false,"template":"","format":"standard","meta":{"_crdt_document":"","_jetpack_memberships_contains_paid_content":false,"footnotes":"","jetpack_publicize_message":"","jetpack_publicize_feature_enabled":true,"jetpack_social_post_already_shared":false,"jetpack_social_options":{"image_generator_settings":{"template":"highway","default_image_id":0,"font":"","enabled":false},"version":2}},"categories":[3],"tags":[],"class_list":["post-558","post","type-post","status-publish","format-standard","has-post-thumbnail","hentry","category-brasil"],"jetpack_publicize_connections":[],"jetpack_featured_media_url":"https:\/\/i0.wp.com\/oexpressobr.com.br\/wp-content\/uploads\/2025\/12\/globo-canal-4-20251209-2000-frame-58989.jpeg?fit=984%2C554&ssl=1","jetpack_likes_enabled":true,"jetpack_sharing_enabled":true,"_links":{"self":[{"href":"https:\/\/oexpressobr.com.br\/index.php?rest_route=\/wp\/v2\/posts\/558","targetHints":{"allow":["GET"]}}],"collection":[{"href":"https:\/\/oexpressobr.com.br\/index.php?rest_route=\/wp\/v2\/posts"}],"about":[{"href":"https:\/\/oexpressobr.com.br\/index.php?rest_route=\/wp\/v2\/types\/post"}],"author":[{"embeddable":true,"href":"https:\/\/oexpressobr.com.br\/index.php?rest_route=\/wp\/v2\/users\/1"}],"replies":[{"embeddable":true,"href":"https:\/\/oexpressobr.com.br\/index.php?rest_route=%2Fwp%2Fv2%2Fcomments&post=558"}],"version-history":[{"count":0,"href":"https:\/\/oexpressobr.com.br\/index.php?rest_route=\/wp\/v2\/posts\/558\/revisions"}],"wp:featuredmedia":[{"embeddable":true,"href":"https:\/\/oexpressobr.com.br\/index.php?rest_route=\/wp\/v2\/media\/559"}],"wp:attachment":[{"href":"https:\/\/oexpressobr.com.br\/index.php?rest_route=%2Fwp%2Fv2%2Fmedia&parent=558"}],"wp:term":[{"taxonomy":"category","embeddable":true,"href":"https:\/\/oexpressobr.com.br\/index.php?rest_route=%2Fwp%2Fv2%2Fcategories&post=558"},{"taxonomy":"post_tag","embeddable":true,"href":"https:\/\/oexpressobr.com.br\/index.php?rest_route=%2Fwp%2Fv2%2Ftags&post=558"}],"curies":[{"name":"wp","href":"https:\/\/api.w.org\/{rel}","templated":true}]}}