{"id":5582,"date":"2026-03-10T20:47:54","date_gmt":"2026-03-10T23:47:54","guid":{"rendered":"https:\/\/oexpressobr.com.br\/?p=5582"},"modified":"2026-03-10T20:48:00","modified_gmt":"2026-03-10T23:48:00","slug":"argentina-concede-refugio-a-joel-borges-correa-e-barra-extradicao-de-condenado-pelo-8-de-janeiro","status":"publish","type":"post","link":"https:\/\/oexpressobr.com.br\/?p=5582","title":{"rendered":"Argentina concede ref\u00fagio a Joel Borges Correa e barra extradi\u00e7\u00e3o de condenado pelo 8 de Janeiro"},"content":{"rendered":"\n<p class=\"wp-block-paragraph\"><strong>BUENOS AIRES<\/strong> \u2013 Em uma decis\u00e3o in\u00e9dita que marca um novo cap\u00edtulo na tens\u00e3o diplom\u00e1tica entre Bras\u00edlia e Buenos Aires, a Comiss\u00e3o Nacional para Refugiados (Conare) da Argentina concedeu, nesta ter\u00e7a-feira (10), ref\u00fagio permanente ao brasileiro Joel Borges Correa. Condenado pelo Supremo Tribunal Federal (STF) a 13 anos e seis meses de pris\u00e3o por participa\u00e7\u00e3o nos ataques de 8 de janeiro de 2023, Correa \u00e9 o primeiro dos foragidos em solo argentino a obter oficialmente a prote\u00e7\u00e3o internacional do governo de Javier Milei.<\/p>\n\n\n\n<p class=\"wp-block-paragraph\">\u200bA decis\u00e3o administrativa, tomada originalmente em 4 de mar\u00e7o e confirmada pela defesa do brasileiro, fundamenta-se no reconhecimento de um &#8220;fundado temor de persegui\u00e7\u00e3o por opini\u00f5es pol\u00edticas&#8221;. Com o status de refugiado, Correa passa a ser protegido pelo princ\u00edpio internacional de <em>non-refoulement<\/em> (n\u00e3o devolu\u00e7\u00e3o), o que, na pr\u00e1tica, suspende o processo de extradi\u00e7\u00e3o solicitado pelo ministro Alexandre de Moraes e que tramitava na Justi\u00e7a argentina.<\/p>\n\n\n\n<h3 class=\"wp-block-heading\">\u200bA tentativa de fuga pela Cordilheira<\/h3>\n\n\n\n<p class=\"wp-block-paragraph\">\u200bJoel Borges Correa, natural de Santa Catarina, tornou-se um dos rostos mais conhecidos entre os foragidos brasileiros ap\u00f3s ser detido em novembro de 2024. Na ocasi\u00e3o, ele foi interceptado pela pol\u00edcia argentina em um controle de tr\u00e2nsito na localidade de El Volc\u00e1n, prov\u00edncia de San Luis. Correa tentava atravessar a Cordilheira dos Andes em dire\u00e7\u00e3o ao Chile, levando apenas uma mala com roupas.<\/p>\n\n\n\n<p class=\"wp-block-paragraph\">\u200bAntes da tentativa de fuga para o pa\u00eds vizinho, ele vivia de forma discreta em Buenos Aires. Ap\u00f3s a pris\u00e3o, chegou a enviar cartas a familiares relatando condi\u00e7\u00f5es severas no sistema prisional argentino, descrevendo o per\u00edodo em que dividiu celas com presos comuns como uma &#8220;tortura&#8221;. Em janeiro deste ano, sua pris\u00e3o preventiva havia sido convertida em domiciliar enquanto o pedido de ref\u00fagio era analisado.<\/p>\n\n\n\n<h3 class=\"wp-block-heading\">\u200bImpacto jur\u00eddico e pol\u00edtico<\/h3>\n\n\n\n<p class=\"wp-block-paragraph\">\u200bA concess\u00e3o do ref\u00fagio cria um precedente jur\u00eddico para as dezenas de outros brasileiros que buscaram abrigo na Argentina ap\u00f3s as condena\u00e7\u00f5es do 8 de Janeiro. Segundo dados recentes, o governo brasileiro monitora cerca de 60 pedidos de extradi\u00e7\u00e3o enviados ao pa\u00eds vizinho.<\/p>\n\n\n\n<p class=\"wp-block-paragraph\">\u200bEmbora o sistema judici\u00e1rio argentino tenha chegado a autorizar a extradi\u00e7\u00e3o de alguns desses condenados no final de 2025, a decis\u00e3o da Conare \u2014 que \u00e9 um \u00f3rg\u00e3o vinculado ao Poder Executivo (Minist\u00e9rio do Interior e Seguran\u00e7a) \u2014 prevalece sobre a entrega do indiv\u00edduo.<\/p>\n\n\n\n<p class=\"wp-block-paragraph\">\u200bA medida deve aprofundar o distanciamento entre as gest\u00f5es de Luiz In\u00e1cio Lula da Silva e Javier Milei. Enquanto o Itamaraty e o STF defendem que os atos em Bras\u00edlia configuraram crimes graves contra a democracia, a administra\u00e7\u00e3o Milei, ao conceder o ref\u00fagio, sinaliza concordar com a tese de que h\u00e1 uma viola\u00e7\u00e3o de garantias fundamentais nos processos conduzidos no Brasil.<\/p>\n\n\n\n<p class=\"wp-block-paragraph\">\u200bAt\u00e9 o momento, o Minist\u00e9rio da Justi\u00e7a e Seguran\u00e7a P\u00fablica do Brasil n\u00e3o se manifestou oficialmente sobre a decis\u00e3o argentina. A defesa de Joel Borges Correa celebrou o resultado, afirmando que o Estado argentino &#8220;reconheceu riscos concretos de viola\u00e7\u00e3o a direitos fundamentais&#8221; do brasileiro.<\/p>\n","protected":false},"excerpt":{"rendered":"<p>BUENOS AIRES \u2013 Em uma decis\u00e3o in\u00e9dita que marca um novo cap\u00edtulo na tens\u00e3o diplom\u00e1tica entre Bras\u00edlia e Buenos Aires, a Comiss\u00e3o Nacional para Refugiados [&#8230;]<\/p>\n","protected":false},"author":1,"featured_media":5583,"comment_status":"open","ping_status":"open","sticky":false,"template":"","format":"standard","meta":{"_crdt_document":"","_jetpack_memberships_contains_paid_content":false,"footnotes":"","jetpack_publicize_message":"","jetpack_publicize_feature_enabled":true,"jetpack_social_post_already_shared":true,"jetpack_social_options":{"image_generator_settings":{"template":"highway","default_image_id":0,"font":"","enabled":false},"version":2}},"categories":[15],"tags":[],"class_list":["post-5582","post","type-post","status-publish","format-standard","has-post-thumbnail","hentry","category-internacional"],"jetpack_publicize_connections":[],"jetpack_featured_media_url":"https:\/\/i0.wp.com\/oexpressobr.com.br\/wp-content\/uploads\/2026\/03\/167321357063bb36825e8a6_1673213570_3x2_xl.jpg?fit=1200%2C800&ssl=1","jetpack_likes_enabled":true,"jetpack_sharing_enabled":true,"_links":{"self":[{"href":"https:\/\/oexpressobr.com.br\/index.php?rest_route=\/wp\/v2\/posts\/5582","targetHints":{"allow":["GET"]}}],"collection":[{"href":"https:\/\/oexpressobr.com.br\/index.php?rest_route=\/wp\/v2\/posts"}],"about":[{"href":"https:\/\/oexpressobr.com.br\/index.php?rest_route=\/wp\/v2\/types\/post"}],"author":[{"embeddable":true,"href":"https:\/\/oexpressobr.com.br\/index.php?rest_route=\/wp\/v2\/users\/1"}],"replies":[{"embeddable":true,"href":"https:\/\/oexpressobr.com.br\/index.php?rest_route=%2Fwp%2Fv2%2Fcomments&post=5582"}],"version-history":[{"count":1,"href":"https:\/\/oexpressobr.com.br\/index.php?rest_route=\/wp\/v2\/posts\/5582\/revisions"}],"predecessor-version":[{"id":5584,"href":"https:\/\/oexpressobr.com.br\/index.php?rest_route=\/wp\/v2\/posts\/5582\/revisions\/5584"}],"wp:featuredmedia":[{"embeddable":true,"href":"https:\/\/oexpressobr.com.br\/index.php?rest_route=\/wp\/v2\/media\/5583"}],"wp:attachment":[{"href":"https:\/\/oexpressobr.com.br\/index.php?rest_route=%2Fwp%2Fv2%2Fmedia&parent=5582"}],"wp:term":[{"taxonomy":"category","embeddable":true,"href":"https:\/\/oexpressobr.com.br\/index.php?rest_route=%2Fwp%2Fv2%2Fcategories&post=5582"},{"taxonomy":"post_tag","embeddable":true,"href":"https:\/\/oexpressobr.com.br\/index.php?rest_route=%2Fwp%2Fv2%2Ftags&post=5582"}],"curies":[{"name":"wp","href":"https:\/\/api.w.org\/{rel}","templated":true}]}}