{"id":5589,"date":"2026-03-12T07:31:39","date_gmt":"2026-03-12T10:31:39","guid":{"rendered":"https:\/\/oexpressobr.com.br\/?p=5589"},"modified":"2026-03-12T07:31:48","modified_gmt":"2026-03-12T10:31:48","slug":"educacao-do-parana-app-sindicato-cobra-justica-salarial-e-valorizacao-de-servidores","status":"publish","type":"post","link":"https:\/\/oexpressobr.com.br\/?p=5589","title":{"rendered":"Educa\u00e7\u00e3o do Paran\u00e1: APP-Sindicato cobra justi\u00e7a salarial e valoriza\u00e7\u00e3o de servidores"},"content":{"rendered":"\n<p class=\"wp-block-paragraph\">Enquanto o Governo do Paran\u00e1 celebra os \u00edndices que colocam a educa\u00e7\u00e3o p\u00fablica do estado no topo do ranking nacional, um contraste financeiro gera mobiliza\u00e7\u00e3o nas escolas. A <strong>APP-Sindicato<\/strong> intensificou nesta semana a cobran\u00e7a por uma reestrutura\u00e7\u00e3o salarial, alegando que o prest\u00edgio acad\u00eamico do estado n\u00e3o se reflete nos contracheques dos educadores e funcion\u00e1rios da rede.<\/p>\n\n\n\n<p class=\"wp-block-paragraph\">\u200bO movimento &#8220;Justi\u00e7a Salarial J\u00e1!&#8221; destaca que, apesar de o Paran\u00e1 ostentar o melhor desempenho educacional do pa\u00eds em avalia\u00e7\u00f5es federais, o sal\u00e1rio do magist\u00e9rio figura entre os mais baixos da federa\u00e7\u00e3o quando comparado a estados de similar porte econ\u00f4mico.<\/p>\n\n\n\n<h3 class=\"wp-block-heading\">\u200bOs Gargalos da Valoriza\u00e7\u00e3o<\/h3>\n\n\n\n<p class=\"wp-block-paragraph\">\u200bA mobiliza\u00e7\u00e3o n\u00e3o se restringe apenas aos professores da ativa. O sindicato aponta tr\u00eas frentes cr\u00edticas que precisam de aten\u00e7\u00e3o imediata do Pal\u00e1cio Igua\u00e7u:<\/p>\n\n\n\n<ul class=\"wp-block-list\">\n<li>\u200b<strong>Funcion\u00e1rios de Escola:<\/strong> Profissionais que atuam na base administrativa e operacional buscam planos de carreira que garantam dignidade e reposi\u00e7\u00e3o inflacion\u00e1ria.<\/li>\n\n\n\n<li>\u200b<strong>Aposentados sem Paridade:<\/strong> Uma parcela da categoria que dedicou d\u00e9cadas ao ensino sofre com o congelamento de proventos e a falta de paridade com os reajustes da ativa.<\/li>\n\n\n\n<li>\u200b<strong>Projetos na Gaveta:<\/strong> Segundo a lideran\u00e7a sindical, as solu\u00e7\u00f5es t\u00e9cnicas e or\u00e7ament\u00e1rias j\u00e1 foram detalhadas e apresentadas ao Executivo. O impasse agora \u00e9 pol\u00edtico: o envio das mensagens para vota\u00e7\u00e3o na <strong>Assembleia Legislativa do Paran\u00e1 (ALEP)<\/strong>.<\/li>\n<\/ul>\n\n\n\n<h3 class=\"wp-block-heading\">\u200bMobiliza\u00e7\u00e3o Digital e Press\u00e3o Pol\u00edtica<\/h3>\n\n\n\n<p class=\"wp-block-paragraph\">\u200bCom o slogan <strong>&#8220;Meu Trabalho Tem Valor&#8221;<\/strong>, a campanha ganhou for\u00e7a nas redes sociais com a publica\u00e7\u00e3o de v\u00eddeos e depoimentos de profissionais da educa\u00e7\u00e3o. A estrat\u00e9gia busca sensibilizar a opini\u00e3o p\u00fablica para o fato de que a qualidade do ensino \u2014 reconhecida pelo IDEB \u2014 \u00e9 fruto do esfor\u00e7o humano de profissionais que hoje se sentem desvalorizados.<\/p>\n\n\n\n<blockquote class=\"wp-block-quote is-layout-flow wp-block-quote-is-layout-flow\">\n<p class=\"wp-block-paragraph\">\u200b&#8221;Quem faz a melhor educa\u00e7\u00e3o do Brasil precisa de respeito e valoriza\u00e7\u00e3o. N\u00e3o basta o reconhecimento nos \u00edndices, \u00e9 preciso que ele chegue \u00e0 conta banc\u00e1ria de quem est\u00e1 no ch\u00e3o da escola&#8221;, afirma o texto base da mobiliza\u00e7\u00e3o.<\/p>\n<\/blockquote>\n\n\n\n<h3 class=\"wp-block-heading\">\u200bO que diz o Governo<\/h3>\n\n\n\n<p class=\"wp-block-paragraph\">\u200bTradicionalmente, a gest\u00e3o estadual tem focado na infraestrutura e na digitaliza\u00e7\u00e3o das salas de aula como pilares de seu sucesso. No entanto, a press\u00e3o pela <strong>Justi\u00e7a Salarial<\/strong> coloca o governo diante de um desafio: equilibrar o teto de gastos com a necessidade de evitar uma evas\u00e3o de talentos e o descontentamento de uma categoria que \u00e9 o bra\u00e7o direito da atual administra\u00e7\u00e3o no quesito resultados.<\/p>\n\n\n\n<p class=\"wp-block-paragraph\">\u200bO cen\u00e1rio na ALEP deve esquentar nos pr\u00f3ximos dias, conforme os projetos de lei de iniciativa do governo s\u00e3o aguardados pela base e pela oposi\u00e7\u00e3o para definir o futuro financeiro de milhares de paranaenses.<\/p>\n","protected":false},"excerpt":{"rendered":"<p>Enquanto o Governo do Paran\u00e1 celebra os \u00edndices que colocam a educa\u00e7\u00e3o p\u00fablica do estado no topo do ranking nacional, um contraste financeiro gera mobiliza\u00e7\u00e3o [&#8230;]<\/p>\n","protected":false},"author":1,"featured_media":5591,"comment_status":"open","ping_status":"open","sticky":false,"template":"","format":"standard","meta":{"_crdt_document":"","_jetpack_memberships_contains_paid_content":false,"footnotes":"","jetpack_publicize_message":"","jetpack_publicize_feature_enabled":true,"jetpack_social_post_already_shared":true,"jetpack_social_options":{"image_generator_settings":{"template":"highway","default_image_id":0,"font":"","enabled":false},"version":2}},"categories":[6],"tags":[],"class_list":["post-5589","post","type-post","status-publish","format-standard","has-post-thumbnail","hentry","category-educacao"],"jetpack_publicize_connections":[],"jetpack_featured_media_url":"https:\/\/i0.wp.com\/oexpressobr.com.br\/wp-content\/uploads\/2026\/03\/images.jpg?fit=739%2C415&ssl=1","jetpack_likes_enabled":true,"jetpack_sharing_enabled":true,"_links":{"self":[{"href":"https:\/\/oexpressobr.com.br\/index.php?rest_route=\/wp\/v2\/posts\/5589","targetHints":{"allow":["GET"]}}],"collection":[{"href":"https:\/\/oexpressobr.com.br\/index.php?rest_route=\/wp\/v2\/posts"}],"about":[{"href":"https:\/\/oexpressobr.com.br\/index.php?rest_route=\/wp\/v2\/types\/post"}],"author":[{"embeddable":true,"href":"https:\/\/oexpressobr.com.br\/index.php?rest_route=\/wp\/v2\/users\/1"}],"replies":[{"embeddable":true,"href":"https:\/\/oexpressobr.com.br\/index.php?rest_route=%2Fwp%2Fv2%2Fcomments&post=5589"}],"version-history":[{"count":1,"href":"https:\/\/oexpressobr.com.br\/index.php?rest_route=\/wp\/v2\/posts\/5589\/revisions"}],"predecessor-version":[{"id":5592,"href":"https:\/\/oexpressobr.com.br\/index.php?rest_route=\/wp\/v2\/posts\/5589\/revisions\/5592"}],"wp:featuredmedia":[{"embeddable":true,"href":"https:\/\/oexpressobr.com.br\/index.php?rest_route=\/wp\/v2\/media\/5591"}],"wp:attachment":[{"href":"https:\/\/oexpressobr.com.br\/index.php?rest_route=%2Fwp%2Fv2%2Fmedia&parent=5589"}],"wp:term":[{"taxonomy":"category","embeddable":true,"href":"https:\/\/oexpressobr.com.br\/index.php?rest_route=%2Fwp%2Fv2%2Fcategories&post=5589"},{"taxonomy":"post_tag","embeddable":true,"href":"https:\/\/oexpressobr.com.br\/index.php?rest_route=%2Fwp%2Fv2%2Ftags&post=5589"}],"curies":[{"name":"wp","href":"https:\/\/api.w.org\/{rel}","templated":true}]}}