{"id":5593,"date":"2026-03-12T07:39:52","date_gmt":"2026-03-12T10:39:52","guid":{"rendered":"https:\/\/oexpressobr.com.br\/?p=5593"},"modified":"2026-03-12T07:40:00","modified_gmt":"2026-03-12T10:40:00","slug":"maringa-amplia-debate-sobre-turismo-com-audiencias-publicas-nos-bairros","status":"publish","type":"post","link":"https:\/\/oexpressobr.com.br\/?p=5593","title":{"rendered":"Maring\u00e1 amplia debate sobre turismo com audi\u00eancias p\u00fablicas nos bairros"},"content":{"rendered":"\n<p class=\"wp-block-paragraph\">\u200bA Prefeitura de Maring\u00e1, por meio da Secretaria de Acelera\u00e7\u00e3o Econ\u00f4mica e Turismo (Saet), iniciou nesta semana uma s\u00e9rie de audi\u00eancias p\u00fablicas para discutir a atualiza\u00e7\u00e3o do Plano Municipal de Turismo. O primeiro encontro ocorreu na \u00faltima ter\u00e7a-feira, 10 de mar\u00e7o, no Centro Comunit\u00e1rio do Jardim Alvorada, marcando o come\u00e7o de uma jornada que percorrer\u00e1 sete regi\u00f5es da cidade para ouvir as demandas da comunidade e de profissionais do setor.<\/p>\n\n\n\n<p class=\"wp-block-paragraph\">\u200bO objetivo central desta iniciativa \u00e9 atualizar as diretrizes que nortear\u00e3o o turismo local para os pr\u00f3ximos anos. Por meio dessas oitivas, a popula\u00e7\u00e3o pode apresentar sugest\u00f5es diretas, compartilhar as necessidades espec\u00edficas de cada regi\u00e3o e contribuir com propostas que ajudem a consolidar Maring\u00e1 como um &#8220;Destino Tur\u00edstico Inteligente&#8221;.<\/p>\n\n\n\n<h3 class=\"wp-block-heading\">\u200bParticipa\u00e7\u00e3o e calend\u00e1rio<\/h3>\n\n\n\n<p class=\"wp-block-paragraph\">\u200bPara garantir que o plano reflita a realidade dos moradores, a prefeitura disponibilizou um formul\u00e1rio online onde os interessados podem confirmar presen\u00e7a e at\u00e9 antecipar contribui\u00e7\u00f5es. De acordo com a Saet, a participa\u00e7\u00e3o popular \u00e9 fundamental para identificar novos potenciais tur\u00edsticos al\u00e9m dos eixos tradicionais, como o turismo de eventos e o religioso.<\/p>\n\n\n\n<p class=\"wp-block-paragraph\">\u200bAl\u00e9m das discuss\u00f5es sobre o Plano de Turismo, Maring\u00e1 vive um momento de forte movimenta\u00e7\u00e3o no setor para 2026. Entre as novidades que complementam este cen\u00e1rio, destacam-se:<\/p>\n\n\n\n<ul class=\"wp-block-list\">\n<li>\u200b<strong>Infraestrutura e Acessibilidade:<\/strong> A recente inaugura\u00e7\u00e3o do novo Trevo do Catua\u00ed e os investimentos em sinaliza\u00e7\u00e3o tur\u00edstica s\u00e3o apontados como pilares para facilitar o fluxo de visitantes.<\/li>\n\n\n\n<li>\u200b<strong>Eventos de Grande Porte:<\/strong> O calend\u00e1rio de 2026 j\u00e1 confirma eventos de peso, como a 52\u00aa Expoing\u00e1, programada para maio, e shows de relev\u00e2ncia nacional, como a apresenta\u00e7\u00e3o dos Paralamas do Sucesso no Paran\u00e1 Expo, que movimentam a rede hoteleira e o com\u00e9rcio local.<\/li>\n\n\n\n<li>\u200b<strong>Inova\u00e7\u00e3o Digital:<\/strong> A C\u00e2mara de Maring\u00e1 tamb\u00e9m anunciou investimentos em tecnologia, incluindo a cria\u00e7\u00e3o de um &#8220;Tour Virtual Imersivo&#8221; para aproximar a comunidade e os turistas dos espa\u00e7os p\u00fablicos e hist\u00f3ricos da cidade.<\/li>\n<\/ul>\n\n\n\n<h3 class=\"wp-block-heading\">\u200bUm plano de dez anos<\/h3>\n\n\n\n<p class=\"wp-block-paragraph\">\u200bO Plano Municipal de Turismo (2023-2033), desenvolvido originalmente em parceria com o Sebrae, prev\u00ea mais de 60 a\u00e7\u00f5es estrat\u00e9gicas. A atualiza\u00e7\u00e3o atual busca ajustar essas metas ao cen\u00e1rio p\u00f3s-pandemia e \u00e0s novas tend\u00eancias de consumo, como o turismo de experi\u00eancia e o bem-estar, refor\u00e7ados pelo slogan &#8220;Maring\u00e1 faz bem&#8221;.<\/p>\n\n\n\n<p class=\"wp-block-paragraph\">\u200bAs audi\u00eancias continuam ao longo do m\u00eas de mar\u00e7o em diferentes Unidades de Planejamento Territoriais (UTPs). A gest\u00e3o municipal refor\u00e7a que o texto final, enriquecido pelas sugest\u00f5es colhidas nos bairros, ser\u00e1 fundamental para a capta\u00e7\u00e3o de recursos federais e estaduais destinados ao setor.<\/p>\n","protected":false},"excerpt":{"rendered":"<p>\u200bA Prefeitura de Maring\u00e1, por meio da Secretaria de Acelera\u00e7\u00e3o Econ\u00f4mica e Turismo (Saet), iniciou nesta semana uma s\u00e9rie de audi\u00eancias p\u00fablicas para discutir a [&#8230;]<\/p>\n","protected":false},"author":1,"featured_media":5595,"comment_status":"open","ping_status":"open","sticky":false,"template":"","format":"standard","meta":{"_crdt_document":"","_jetpack_memberships_contains_paid_content":false,"footnotes":"","jetpack_publicize_message":"","jetpack_publicize_feature_enabled":true,"jetpack_social_post_already_shared":true,"jetpack_social_options":{"image_generator_settings":{"template":"highway","default_image_id":0,"font":"","enabled":false},"version":2}},"categories":[46],"tags":[],"class_list":["post-5593","post","type-post","status-publish","format-standard","has-post-thumbnail","hentry","category-cidades"],"jetpack_publicize_connections":[],"jetpack_featured_media_url":"https:\/\/i0.wp.com\/oexpressobr.com.br\/wp-content\/uploads\/2026\/03\/IMG-20260311-WA0217.jpg?fit=1600%2C1066&ssl=1","jetpack_likes_enabled":true,"jetpack_sharing_enabled":true,"_links":{"self":[{"href":"https:\/\/oexpressobr.com.br\/index.php?rest_route=\/wp\/v2\/posts\/5593","targetHints":{"allow":["GET"]}}],"collection":[{"href":"https:\/\/oexpressobr.com.br\/index.php?rest_route=\/wp\/v2\/posts"}],"about":[{"href":"https:\/\/oexpressobr.com.br\/index.php?rest_route=\/wp\/v2\/types\/post"}],"author":[{"embeddable":true,"href":"https:\/\/oexpressobr.com.br\/index.php?rest_route=\/wp\/v2\/users\/1"}],"replies":[{"embeddable":true,"href":"https:\/\/oexpressobr.com.br\/index.php?rest_route=%2Fwp%2Fv2%2Fcomments&post=5593"}],"version-history":[{"count":1,"href":"https:\/\/oexpressobr.com.br\/index.php?rest_route=\/wp\/v2\/posts\/5593\/revisions"}],"predecessor-version":[{"id":5596,"href":"https:\/\/oexpressobr.com.br\/index.php?rest_route=\/wp\/v2\/posts\/5593\/revisions\/5596"}],"wp:featuredmedia":[{"embeddable":true,"href":"https:\/\/oexpressobr.com.br\/index.php?rest_route=\/wp\/v2\/media\/5595"}],"wp:attachment":[{"href":"https:\/\/oexpressobr.com.br\/index.php?rest_route=%2Fwp%2Fv2%2Fmedia&parent=5593"}],"wp:term":[{"taxonomy":"category","embeddable":true,"href":"https:\/\/oexpressobr.com.br\/index.php?rest_route=%2Fwp%2Fv2%2Fcategories&post=5593"},{"taxonomy":"post_tag","embeddable":true,"href":"https:\/\/oexpressobr.com.br\/index.php?rest_route=%2Fwp%2Fv2%2Ftags&post=5593"}],"curies":[{"name":"wp","href":"https:\/\/api.w.org\/{rel}","templated":true}]}}