{"id":5597,"date":"2026-03-12T07:45:01","date_gmt":"2026-03-12T10:45:01","guid":{"rendered":"https:\/\/oexpressobr.com.br\/?p=5597"},"modified":"2026-03-12T07:45:13","modified_gmt":"2026-03-12T10:45:13","slug":"maringa-e-seduc-lancam-alfabetometro-escolar-para-fortalecer-alfabetizacao-de-criancas","status":"publish","type":"post","link":"https:\/\/oexpressobr.com.br\/?p=5597","title":{"rendered":"Maring\u00e1 e Seduc lan\u00e7am Alfabet\u00f4metro Escolar para fortalecer alfabetiza\u00e7\u00e3o de crian\u00e7as"},"content":{"rendered":"\n<p class=\"wp-block-paragraph\">A Prefeitura de Maring\u00e1, por meio da Secretaria de Educa\u00e7\u00e3o (Seduc), apresentou nesta quarta-feira, 11, o Alfabet\u00f4metro Escolar. A nova ferramenta pedag\u00f3gica tem como objetivo incentivar e monitorar de forma l\u00fadica o desenvolvimento da flu\u00eancia leitora entre estudantes do 1\u00ba e 2\u00ba anos da rede municipal de ensino. O lan\u00e7amento oficial ocorreu na Escola Municipal Rosa Palma Planas e marca uma nova fase do projeto Leitura em Movimento, que integra o amplo Programa Municipal de Alfabetiza\u00e7\u00e3o e Letramento \u2013 \u201cFuturo em Palavras: alfabetiza\u00e7\u00e3o para todos em Maring\u00e1\u201d.<\/p>\n\n\n\n<p class=\"wp-block-paragraph\">\u200bO Alfabet\u00f4metro funciona como um medidor visual de progresso. Com ele, professores e alunos podem acompanhar a evolu\u00e7\u00e3o dos n\u00edveis de leitura, que s\u00e3o classificados conforme o desempenho em testes de flu\u00eancia. A iniciativa busca dar visibilidade ao aprendizado, transformando o ato de ler em um desafio motivador para as crian\u00e7as.<\/p>\n\n\n\n<h3 class=\"wp-block-heading\">\u200bAvan\u00e7os reais nos indicadores<\/h3>\n\n\n\n<p class=\"wp-block-paragraph\">\u200bA implementa\u00e7\u00e3o do Alfabet\u00f4metro chega em um momento de resultados expressivos para a educa\u00e7\u00e3o maringaense. De acordo com dados recentes da Secretaria de Educa\u00e7\u00e3o, a rede municipal registrou um salto significativo no \u00cdndice de Flu\u00eancia Leitora (IFL), subindo de 6,5 em 2024 para 7,3 em 2025. Ao final do \u00faltimo ano letivo, 84% dos alunos do 2\u00ba ano foram classificados como leitores, sendo que 42% j\u00e1 atingiram o n\u00edvel de leitores fluentes \u2014 aqueles que conseguem ler ao menos 65 palavras por minuto com precis\u00e3o superior a 90%.<\/p>\n\n\n\n<p class=\"wp-block-paragraph\">\u200bDe acordo com a secret\u00e1ria de Educa\u00e7\u00e3o, Adriana Palmieri, esse avan\u00e7o \u00e9 fruto da combina\u00e7\u00e3o de novas metodologias, como o sistema alem\u00e3o IntraAct (baseado na neuroci\u00eancia pedag\u00f3gica), com ferramentas de acompanhamento cont\u00ednuo. &#8220;Os resultados comprovam o trabalho intenso para a recupera\u00e7\u00e3o da aprendizagem. Ver turmas de 1\u00ba ano atingindo 100% de alfabetiza\u00e7\u00e3o mostra que estamos no caminho certo&#8221;, afirmou a secret\u00e1ria.<\/p>\n\n\n\n<h3 class=\"wp-block-heading\">\u200bLeitura obrigat\u00f3ria e novas tecnologias<\/h3>\n\n\n\n<p class=\"wp-block-paragraph\">\u200bPara sustentar esses n\u00fameros em 2026, a Prefeitura de Maring\u00e1 tamb\u00e9m oficializou, via decreto, a obrigatoriedade de 20 minutos di\u00e1rios de leitura em todas as escolas da rede. Al\u00e9m disso, a cidade sedia nesta semana o Semin\u00e1rio da Undime-PR, onde gestores de todo o estado debatem o uso de tecnologias e intelig\u00eancia artificial no processo de alfabetiza\u00e7\u00e3o.<\/p>\n\n\n\n<p class=\"wp-block-paragraph\">\u200bA Seduc tamb\u00e9m abriu neste m\u00eas uma consulta p\u00fablica para incluir &#8220;Educa\u00e7\u00e3o Digital e Computa\u00e7\u00e3o&#8221; no curr\u00edculo municipal, buscando alinhar a alfabetiza\u00e7\u00e3o tradicional \u00e0s novas compet\u00eancias exigidas pela sociedade conectada. Com o Alfabet\u00f4metro e essas a\u00e7\u00f5es integradas, Maring\u00e1 consolida sua posi\u00e7\u00e3o como refer\u00eancia em alfabetiza\u00e7\u00e3o na idade certa no Paran\u00e1.<\/p>\n","protected":false},"excerpt":{"rendered":"<p>A Prefeitura de Maring\u00e1, por meio da Secretaria de Educa\u00e7\u00e3o (Seduc), apresentou nesta quarta-feira, 11, o Alfabet\u00f4metro Escolar. A nova ferramenta pedag\u00f3gica tem como objetivo [&#8230;]<\/p>\n","protected":false},"author":1,"featured_media":5599,"comment_status":"open","ping_status":"open","sticky":false,"template":"","format":"standard","meta":{"_crdt_document":"","_jetpack_memberships_contains_paid_content":false,"footnotes":"","jetpack_publicize_message":"","jetpack_publicize_feature_enabled":true,"jetpack_social_post_already_shared":true,"jetpack_social_options":{"image_generator_settings":{"template":"highway","default_image_id":0,"font":"","enabled":false},"version":2}},"categories":[4],"tags":[],"class_list":["post-5597","post","type-post","status-publish","format-standard","has-post-thumbnail","hentry","category-maringa"],"jetpack_publicize_connections":[],"jetpack_featured_media_url":"https:\/\/i0.wp.com\/oexpressobr.com.br\/wp-content\/uploads\/2026\/03\/IMG-20260311-WA0238.jpg?fit=2560%2C1920&ssl=1","jetpack_likes_enabled":true,"jetpack_sharing_enabled":true,"_links":{"self":[{"href":"https:\/\/oexpressobr.com.br\/index.php?rest_route=\/wp\/v2\/posts\/5597","targetHints":{"allow":["GET"]}}],"collection":[{"href":"https:\/\/oexpressobr.com.br\/index.php?rest_route=\/wp\/v2\/posts"}],"about":[{"href":"https:\/\/oexpressobr.com.br\/index.php?rest_route=\/wp\/v2\/types\/post"}],"author":[{"embeddable":true,"href":"https:\/\/oexpressobr.com.br\/index.php?rest_route=\/wp\/v2\/users\/1"}],"replies":[{"embeddable":true,"href":"https:\/\/oexpressobr.com.br\/index.php?rest_route=%2Fwp%2Fv2%2Fcomments&post=5597"}],"version-history":[{"count":1,"href":"https:\/\/oexpressobr.com.br\/index.php?rest_route=\/wp\/v2\/posts\/5597\/revisions"}],"predecessor-version":[{"id":5600,"href":"https:\/\/oexpressobr.com.br\/index.php?rest_route=\/wp\/v2\/posts\/5597\/revisions\/5600"}],"wp:featuredmedia":[{"embeddable":true,"href":"https:\/\/oexpressobr.com.br\/index.php?rest_route=\/wp\/v2\/media\/5599"}],"wp:attachment":[{"href":"https:\/\/oexpressobr.com.br\/index.php?rest_route=%2Fwp%2Fv2%2Fmedia&parent=5597"}],"wp:term":[{"taxonomy":"category","embeddable":true,"href":"https:\/\/oexpressobr.com.br\/index.php?rest_route=%2Fwp%2Fv2%2Fcategories&post=5597"},{"taxonomy":"post_tag","embeddable":true,"href":"https:\/\/oexpressobr.com.br\/index.php?rest_route=%2Fwp%2Fv2%2Ftags&post=5597"}],"curies":[{"name":"wp","href":"https:\/\/api.w.org\/{rel}","templated":true}]}}