{"id":5601,"date":"2026-03-12T07:53:14","date_gmt":"2026-03-12T10:53:14","guid":{"rendered":"https:\/\/oexpressobr.com.br\/?p=5601"},"modified":"2026-03-12T07:53:22","modified_gmt":"2026-03-12T10:53:22","slug":"lula-e-ratinho-junior-travam-queda-de-braco-por-autoria-de-concessao-no-porto-de-paranagua","status":"publish","type":"post","link":"https:\/\/oexpressobr.com.br\/?p=5601","title":{"rendered":"Lula e Ratinho Junior travam queda de bra\u00e7o por autoria de concess\u00e3o no Porto de Paranagu\u00e1"},"content":{"rendered":"\n<p class=\"wp-block-paragraph\">\u200bO que deveria ser um ato administrativo de celebra\u00e7\u00e3o de contrato transformou-se em um embate pol\u00edtico direto entre o Pal\u00e1cio do Planalto e o Pal\u00e1cio Igua\u00e7u. A assinatura da concess\u00e3o do canal de acesso ao Porto de Paranagu\u00e1, o primeiro projeto deste tipo no Brasil a ser entregue \u00e0 iniciativa privada, virou o centro de uma disputa de &#8220;paternidade&#8221; entre o presidente Luiz In\u00e1cio Lula da Silva e o governador do Paran\u00e1, Ratinho Junior.<\/p>\n\n\n\n<p class=\"wp-block-paragraph\">\u200bA cerim\u00f4nia, originalmente organizada pelo Governo do Paran\u00e1 para ocorrer na \u00faltima quarta-feira (11), no litoral do estado, foi cancelada abruptamente. O motivo, segundo bastidores pol\u00edticos, foi uma interven\u00e7\u00e3o direta da c\u00fapula do governo federal. A articula\u00e7\u00e3o, atribu\u00edda \u00e0 deputada federal e presidente do PT, Gleisi Hoffmann, visou transferir o protagonismo do evento para Bras\u00edlia, garantindo que a foto oficial ocorra ao lado do presidente Lula.<\/p>\n\n\n\n<p class=\"wp-block-paragraph\">\u200b<strong>A transfer\u00eancia para o Planalto<\/strong><\/p>\n\n\n\n<p class=\"wp-block-paragraph\">Com o cancelamento no Paran\u00e1, o Pal\u00e1cio do Planalto reagendou o evento para esta quinta-feira (12), \u00e0s 11h, no Sal\u00e3o Oeste. Para &#8220;encorpar&#8221; a agenda e justificar a centraliza\u00e7\u00e3o em Bras\u00edlia, o governo federal incluiu no pacote o an\u00fancio de outras obras no estado, como o Contorno Sul de Maring\u00e1 e a Estrada Boiadeira.<\/p>\n\n\n\n<p class=\"wp-block-paragraph\">\u200bEm resposta ao que foi lido como uma tentativa de &#8220;ofuscar&#8221; a gest\u00e3o estadual, o governador Ratinho Junior sinalizou que n\u00e3o deve comparecer \u00e0 cerim\u00f4nia na capital federal. O clima de tens\u00e3o reflete a import\u00e2ncia estrat\u00e9gica do porto e o potencial eleitoral de uma obra que promete transformar a log\u00edstica do Sul do pa\u00eds.<\/p>\n\n\n\n<p class=\"wp-block-paragraph\">\u200b<strong>O que est\u00e1 em jogo no Porto de Paranagu\u00e1<\/strong><\/p>\n\n\n\n<p class=\"wp-block-paragraph\">Apesar da disputa pol\u00edtica, o contrato representa um avan\u00e7o hist\u00f3rico para a infraestrutura portu\u00e1ria brasileira. O Cons\u00f3rcio Canal Galheta Dragagem (CCGD), vencedor do leil\u00e3o realizado na B3 em outubro de 2025, assumir\u00e1 a gest\u00e3o do canal por 25 anos.<\/p>\n\n\n\n<ul class=\"wp-block-list\">\n<li>\u200b<strong>Investimentos:<\/strong> Est\u00e3o previstos R$ 1,2 bilh\u00e3o em investimentos nos primeiros cinco anos.<\/li>\n\n\n\n<li>\u200b<strong>Calado:<\/strong> A profundidade do canal (Canal da Galheta) ser\u00e1 aumentada para 15,5 metros.<\/li>\n\n\n\n<li>\u200b<strong>Impacto:<\/strong> O aprofundamento permitir\u00e1 que navios de grande porte, que hoje n\u00e3o conseguem atracar em Paranagu\u00e1, operem no terminal, aumentando a capacidade de movimenta\u00e7\u00e3o em cerca de 35% e reduzindo custos log\u00edsticos.<\/li>\n<\/ul>\n\n\n\n<p class=\"wp-block-paragraph\">\u200bA concess\u00e3o de Paranagu\u00e1 \u00e9 tratada pelo Minist\u00e9rio de Portos e Aeroportos como um &#8220;projeto-piloto&#8221;, que servir\u00e1 de modelo para futuras licita\u00e7\u00f5es de canais de acesso em outros portos p\u00fablicos, como Santos (SP) e Itaja\u00ed (SC). Enquanto Bras\u00edlia e Curitiba disputam os holofotes, o setor produtivo aguarda o in\u00edcio imediato das obras para destravar um dos principais gargalos do escoamento da safra nacional.<\/p>\n","protected":false},"excerpt":{"rendered":"<p>\u200bO que deveria ser um ato administrativo de celebra\u00e7\u00e3o de contrato transformou-se em um embate pol\u00edtico direto entre o Pal\u00e1cio do Planalto e o Pal\u00e1cio [&#8230;]<\/p>\n","protected":false},"author":1,"featured_media":5603,"comment_status":"open","ping_status":"open","sticky":false,"template":"","format":"standard","meta":{"_crdt_document":"","_jetpack_memberships_contains_paid_content":false,"footnotes":"","jetpack_publicize_message":"","jetpack_publicize_feature_enabled":true,"jetpack_social_post_already_shared":true,"jetpack_social_options":{"image_generator_settings":{"template":"highway","default_image_id":0,"font":"","enabled":false},"version":2}},"categories":[5],"tags":[],"class_list":["post-5601","post","type-post","status-publish","format-standard","has-post-thumbnail","hentry","category-parana"],"jetpack_publicize_connections":[],"jetpack_featured_media_url":"https:\/\/i0.wp.com\/oexpressobr.com.br\/wp-content\/uploads\/2026\/03\/canal-1536x1024-1.jpg?fit=1536%2C1024&ssl=1","jetpack_likes_enabled":true,"jetpack_sharing_enabled":true,"_links":{"self":[{"href":"https:\/\/oexpressobr.com.br\/index.php?rest_route=\/wp\/v2\/posts\/5601","targetHints":{"allow":["GET"]}}],"collection":[{"href":"https:\/\/oexpressobr.com.br\/index.php?rest_route=\/wp\/v2\/posts"}],"about":[{"href":"https:\/\/oexpressobr.com.br\/index.php?rest_route=\/wp\/v2\/types\/post"}],"author":[{"embeddable":true,"href":"https:\/\/oexpressobr.com.br\/index.php?rest_route=\/wp\/v2\/users\/1"}],"replies":[{"embeddable":true,"href":"https:\/\/oexpressobr.com.br\/index.php?rest_route=%2Fwp%2Fv2%2Fcomments&post=5601"}],"version-history":[{"count":1,"href":"https:\/\/oexpressobr.com.br\/index.php?rest_route=\/wp\/v2\/posts\/5601\/revisions"}],"predecessor-version":[{"id":5604,"href":"https:\/\/oexpressobr.com.br\/index.php?rest_route=\/wp\/v2\/posts\/5601\/revisions\/5604"}],"wp:featuredmedia":[{"embeddable":true,"href":"https:\/\/oexpressobr.com.br\/index.php?rest_route=\/wp\/v2\/media\/5603"}],"wp:attachment":[{"href":"https:\/\/oexpressobr.com.br\/index.php?rest_route=%2Fwp%2Fv2%2Fmedia&parent=5601"}],"wp:term":[{"taxonomy":"category","embeddable":true,"href":"https:\/\/oexpressobr.com.br\/index.php?rest_route=%2Fwp%2Fv2%2Fcategories&post=5601"},{"taxonomy":"post_tag","embeddable":true,"href":"https:\/\/oexpressobr.com.br\/index.php?rest_route=%2Fwp%2Fv2%2Ftags&post=5601"}],"curies":[{"name":"wp","href":"https:\/\/api.w.org\/{rel}","templated":true}]}}