{"id":5605,"date":"2026-03-12T07:59:19","date_gmt":"2026-03-12T10:59:19","guid":{"rendered":"https:\/\/oexpressobr.com.br\/?p=5605"},"modified":"2026-03-12T07:59:27","modified_gmt":"2026-03-12T10:59:27","slug":"tce-pr-aprova-com-ressalvas-contas-de-2024-da-camara-de-mato-rico-sob-gestao-de-marcelo-rak","status":"publish","type":"post","link":"https:\/\/oexpressobr.com.br\/?p=5605","title":{"rendered":"TCE-PR aprova com ressalvas contas de 2024 da C\u00e2mara de Mato Rico sob gest\u00e3o de Marcelo Rak"},"content":{"rendered":"\n<p class=\"wp-block-paragraph\">O Tribunal de Contas do Estado do Paran\u00e1 (TCE-PR) proferiu, por meio de sua Primeira C\u00e2mara, o julgamento referente \u00e0 presta\u00e7\u00e3o de contas anual da <strong>C\u00e2mara Municipal de Mato Rico<\/strong>. A decis\u00e3o, formalizada no Ac\u00f3rd\u00e3o n\u00ba 458\/26, acompanhou as manifesta\u00e7\u00f5es uniformes das unidades t\u00e9cnicas e do Minist\u00e9rio P\u00fablico de Contas, resultando na aprova\u00e7\u00e3o das contas do exerc\u00edcio de 2024, por\u00e9m com a imposi\u00e7\u00e3o de <strong>ressalvas<\/strong>.<\/p>\n\n\n\n<h3 class=\"wp-block-heading\">\u200bOs detalhes da decis\u00e3o<\/h3>\n\n\n\n<p class=\"wp-block-paragraph\">\u200bO processo, relatado pelo conselheiro <strong>Ivan Lelis Bonilha<\/strong>, analisou a gest\u00e3o financeira e administrativa do atual presidente do legislativo, <strong>Marcelo Rak<\/strong>. Embora a execu\u00e7\u00e3o or\u00e7ament\u00e1ria tenha sido considerada dentro dos par\u00e2metros legais para a regularidade, pontos espec\u00edficos na transi\u00e7\u00e3o de dados ou na formaliza\u00e7\u00e3o de processos levaram os conselheiros a aplicar a nota de ressalva.<\/p>\n\n\n\n<ul class=\"wp-block-list\">\n<li>\u200b<strong>Entidade:<\/strong> C\u00e2mara Municipal de Mato Rico.<\/li>\n\n\n\n<li>\u200b<strong>Respons\u00e1vel:<\/strong> Marcelo Rak.<\/li>\n\n\n\n<li>\u200b<strong>Exerc\u00edcio:<\/strong> 2024.<\/li>\n\n\n\n<li>\u200b<strong>Resultado:<\/strong> Regularidade com ressalva.<\/li>\n<\/ul>\n\n\n\n<h3 class=\"wp-block-heading\">\u200bContexto regional<\/h3>\n\n\n\n<p class=\"wp-block-paragraph\">\u200bA aprova\u00e7\u00e3o, ainda que com ressalvas, \u00e9 vista como um passo importante para a gest\u00e3o municipal de Mato Rico, uma vez que garante a continuidade da adimpl\u00eancia do \u00f3rg\u00e3o perante os tribunais superiores. Historicamente, as C\u00e2maras da regi\u00e3o t\u00eam buscado aprimorar os sistemas de controle interno para evitar multas administrativas, que costumam acompanhar decis\u00f5es deste tipo quando as falhas s\u00e3o consideradas meramente formais.<\/p>\n\n\n\n<h3 class=\"wp-block-heading\">\u200bPr\u00f3ximos passos<\/h3>\n\n\n\n<p class=\"wp-block-paragraph\">\u200bA decis\u00e3o do Tribunal serve como um guia para o fechamento do ciclo de gest\u00e3o. As recomenda\u00e7\u00f5es contidas no ac\u00f3rd\u00e3o dever\u00e3o ser observadas pela equipe t\u00e9cnica da C\u00e2mara para que as falhas apontadas em 2024 n\u00e3o se repitam nos exerc\u00edcios subsequentes.<\/p>\n\n\n\n<p class=\"wp-block-paragraph\">\u200bAt\u00e9 o momento, a defesa do interessado n\u00e3o se manifestou sobre a inten\u00e7\u00e3o de interpor recurso para converter a ressalva em aprova\u00e7\u00e3o plena, o que \u00e9 comum quando os apontamentos n\u00e3o geram \u00f4nus financeiro ao gestor.<\/p>\n","protected":false},"excerpt":{"rendered":"<p>O Tribunal de Contas do Estado do Paran\u00e1 (TCE-PR) proferiu, por meio de sua Primeira C\u00e2mara, o julgamento referente \u00e0 presta\u00e7\u00e3o de contas anual da [&#8230;]<\/p>\n","protected":false},"author":1,"featured_media":5607,"comment_status":"open","ping_status":"open","sticky":false,"template":"","format":"standard","meta":{"_crdt_document":"","_jetpack_memberships_contains_paid_content":false,"footnotes":"","jetpack_publicize_message":"","jetpack_publicize_feature_enabled":true,"jetpack_social_post_already_shared":true,"jetpack_social_options":{"image_generator_settings":{"template":"highway","default_image_id":0,"font":"","enabled":false},"version":2}},"categories":[46],"tags":[],"class_list":["post-5605","post","type-post","status-publish","format-standard","has-post-thumbnail","hentry","category-cidades"],"jetpack_publicize_connections":[],"jetpack_featured_media_url":"https:\/\/i0.wp.com\/oexpressobr.com.br\/wp-content\/uploads\/2026\/03\/Camara_Mato_Rico.jpg.webp?fit=800%2C517&ssl=1","jetpack_likes_enabled":true,"jetpack_sharing_enabled":true,"_links":{"self":[{"href":"https:\/\/oexpressobr.com.br\/index.php?rest_route=\/wp\/v2\/posts\/5605","targetHints":{"allow":["GET"]}}],"collection":[{"href":"https:\/\/oexpressobr.com.br\/index.php?rest_route=\/wp\/v2\/posts"}],"about":[{"href":"https:\/\/oexpressobr.com.br\/index.php?rest_route=\/wp\/v2\/types\/post"}],"author":[{"embeddable":true,"href":"https:\/\/oexpressobr.com.br\/index.php?rest_route=\/wp\/v2\/users\/1"}],"replies":[{"embeddable":true,"href":"https:\/\/oexpressobr.com.br\/index.php?rest_route=%2Fwp%2Fv2%2Fcomments&post=5605"}],"version-history":[{"count":1,"href":"https:\/\/oexpressobr.com.br\/index.php?rest_route=\/wp\/v2\/posts\/5605\/revisions"}],"predecessor-version":[{"id":5608,"href":"https:\/\/oexpressobr.com.br\/index.php?rest_route=\/wp\/v2\/posts\/5605\/revisions\/5608"}],"wp:featuredmedia":[{"embeddable":true,"href":"https:\/\/oexpressobr.com.br\/index.php?rest_route=\/wp\/v2\/media\/5607"}],"wp:attachment":[{"href":"https:\/\/oexpressobr.com.br\/index.php?rest_route=%2Fwp%2Fv2%2Fmedia&parent=5605"}],"wp:term":[{"taxonomy":"category","embeddable":true,"href":"https:\/\/oexpressobr.com.br\/index.php?rest_route=%2Fwp%2Fv2%2Fcategories&post=5605"},{"taxonomy":"post_tag","embeddable":true,"href":"https:\/\/oexpressobr.com.br\/index.php?rest_route=%2Fwp%2Fv2%2Ftags&post=5605"}],"curies":[{"name":"wp","href":"https:\/\/api.w.org\/{rel}","templated":true}]}}