{"id":5613,"date":"2026-03-12T08:12:19","date_gmt":"2026-03-12T11:12:19","guid":{"rendered":"https:\/\/oexpressobr.com.br\/?p=5613"},"modified":"2026-03-12T08:12:27","modified_gmt":"2026-03-12T11:12:27","slug":"ratinho-jr-libera-pl-e-aproximacao-entre-sergio-moro-e-flavio-bolsonaro-redefine-cenario-no-parana","status":"publish","type":"post","link":"https:\/\/oexpressobr.com.br\/?p=5613","title":{"rendered":"Ratinho Jr. libera PL e aproxima\u00e7\u00e3o entre Sergio Moro e Fl\u00e1vio Bolsonaro redefine cen\u00e1rio no Paran\u00e1"},"content":{"rendered":"\n<p class=\"wp-block-paragraph\">O tabuleiro pol\u00edtico paranaense sofreu uma movimenta\u00e7\u00e3o s\u00edsmica nas \u00faltimas semanas. O governador <strong>Ratinho Junior (PSD)<\/strong>, ao manter firme sua pr\u00e9-candidatura \u00e0 <strong>Presid\u00eancia da Rep\u00fablica<\/strong> em 2026, acabou abrindo espa\u00e7o para que o <strong>PL<\/strong>, partido de <strong>Jair Bolsonaro<\/strong>, buscasse alternativas de palanque no estado. Esse v\u00e1cuo estrat\u00e9gico est\u00e1 empurrando o senador <strong>Sergio Moro (Uni\u00e3o)<\/strong> para uma alian\u00e7a at\u00e9 ent\u00e3o improv\u00e1vel com o senador <strong>Fl\u00e1vio Bolsonaro (PL-RJ)<\/strong>.<\/p>\n\n\n\n<h3 class=\"wp-block-heading\">\u200bO ultimato e a &#8220;libera\u00e7\u00e3o&#8221; estrat\u00e9gica<\/h3>\n\n\n\n<p class=\"wp-block-paragraph\">\u200bA tens\u00e3o entre o Pal\u00e1cio Igua\u00e7u e a c\u00fapula do PL escalou ap\u00f3s um encontro recente em Bras\u00edlia. Interlocutores da campanha de Fl\u00e1vio Bolsonaro teriam dado um ultimato para que Ratinho Junior desistisse de suas ambi\u00e7\u00f5es nacionais para apoiar o filho do ex-presidente.<\/p>\n\n\n\n<p class=\"wp-block-paragraph\">\u200bComo o governador paranaense n\u00e3o recuou, o PL passou a flertar abertamente com Sergio Moro. A ideia \u00e9 simples: se Ratinho ser\u00e1 um advers\u00e1rio de Fl\u00e1vio no plano federal, o PL precisa de um nome forte no Paran\u00e1 que garanta um palanque bolsonarista robusto \u2014 e Moro, que lidera as pesquisas de inten\u00e7\u00e3o de voto para o governo estadual com mais de <strong>40%<\/strong>, tornou-se a pe\u00e7a-chave.<\/p>\n\n\n\n<h3 class=\"wp-block-heading\">\u200bMoro como o &#8220;trunfo&#8221; contra o PSD<\/h3>\n\n\n\n<p class=\"wp-block-paragraph\">\u200bA aproxima\u00e7\u00e3o entre Moro e os Bolsonaro marca uma reaproxima\u00e7\u00e3o pragm\u00e1tica ap\u00f3s o rompimento traum\u00e1tico de 2020. Para Moro, o apoio do PL resolve dois problemas:<\/p>\n\n\n\n<ol class=\"wp-block-list\">\n<li>\u200b<strong>Isolamento partid\u00e1rio:<\/strong> O ex-juiz enfrenta resist\u00eancias internas no Uni\u00e3o Brasil e uma rela\u00e7\u00e3o complexa com a federa\u00e7\u00e3o com o PP.<\/li>\n\n\n\n<li>\u200b<strong>Competitividade:<\/strong> Com a estrutura do PL, Moro consolida sua lideran\u00e7a contra os nomes indicados por Ratinho Junior, como o secret\u00e1rio <strong>Guto Silva (PSD)<\/strong>, que ainda patina nas pesquisas.<\/li>\n<\/ol>\n\n\n\n<h3 class=\"wp-block-heading\">\u200bO desenho das chapas para 2026<\/h3>\n\n\n\n<p class=\"wp-block-paragraph\">\u200bOs bastidores apontam para uma composi\u00e7\u00e3o que pode redesenhar as for\u00e7as da direita no sul do pa\u00eds:<\/p>\n\n\n\n<ul class=\"wp-block-list\">\n<li>\u200b<strong>Governo do Estado:<\/strong> Sergio Moro surge como o nome de consenso entre setores do PL e do Uni\u00e3o Brasil.<\/li>\n\n\n\n<li>\u200b<strong>Senado:<\/strong> A chapa ganharia musculatura com nomes como <strong>Felipe Barros (PL)<\/strong> e possivelmente <strong>Deltan Dallagnol (Novo)<\/strong>, criando um &#8220;superpalanque&#8221; conservador.<\/li>\n\n\n\n<li>\u200b<strong>Presid\u00eancia:<\/strong> Fl\u00e1vio Bolsonaro utilizaria essa estrutura para garantir votos em um dos estados mais bolsonaristas do Brasil, enquanto Ratinho Junior tentar\u00e1 viabilizar sua terceira via pelo PSD de Gilberto Kassab.<\/li>\n<\/ul>\n","protected":false},"excerpt":{"rendered":"<p>O tabuleiro pol\u00edtico paranaense sofreu uma movimenta\u00e7\u00e3o s\u00edsmica nas \u00faltimas semanas. O governador Ratinho Junior (PSD), ao manter firme sua pr\u00e9-candidatura \u00e0 Presid\u00eancia da Rep\u00fablica [&#8230;]<\/p>\n","protected":false},"author":1,"featured_media":5615,"comment_status":"open","ping_status":"open","sticky":false,"template":"","format":"standard","meta":{"_crdt_document":"","_jetpack_memberships_contains_paid_content":false,"footnotes":"","jetpack_publicize_message":"","jetpack_publicize_feature_enabled":true,"jetpack_social_post_already_shared":true,"jetpack_social_options":{"image_generator_settings":{"template":"highway","default_image_id":0,"font":"","enabled":false},"version":2}},"categories":[7],"tags":[],"class_list":["post-5613","post","type-post","status-publish","format-standard","has-post-thumbnail","hentry","category-politica"],"jetpack_publicize_connections":[],"jetpack_featured_media_url":"https:\/\/i0.wp.com\/oexpressobr.com.br\/wp-content\/uploads\/2026\/03\/ratinhojr-sergiomoro-scaled-1.jpg?fit=1280%2C824&ssl=1","jetpack_likes_enabled":true,"jetpack_sharing_enabled":true,"_links":{"self":[{"href":"https:\/\/oexpressobr.com.br\/index.php?rest_route=\/wp\/v2\/posts\/5613","targetHints":{"allow":["GET"]}}],"collection":[{"href":"https:\/\/oexpressobr.com.br\/index.php?rest_route=\/wp\/v2\/posts"}],"about":[{"href":"https:\/\/oexpressobr.com.br\/index.php?rest_route=\/wp\/v2\/types\/post"}],"author":[{"embeddable":true,"href":"https:\/\/oexpressobr.com.br\/index.php?rest_route=\/wp\/v2\/users\/1"}],"replies":[{"embeddable":true,"href":"https:\/\/oexpressobr.com.br\/index.php?rest_route=%2Fwp%2Fv2%2Fcomments&post=5613"}],"version-history":[{"count":1,"href":"https:\/\/oexpressobr.com.br\/index.php?rest_route=\/wp\/v2\/posts\/5613\/revisions"}],"predecessor-version":[{"id":5616,"href":"https:\/\/oexpressobr.com.br\/index.php?rest_route=\/wp\/v2\/posts\/5613\/revisions\/5616"}],"wp:featuredmedia":[{"embeddable":true,"href":"https:\/\/oexpressobr.com.br\/index.php?rest_route=\/wp\/v2\/media\/5615"}],"wp:attachment":[{"href":"https:\/\/oexpressobr.com.br\/index.php?rest_route=%2Fwp%2Fv2%2Fmedia&parent=5613"}],"wp:term":[{"taxonomy":"category","embeddable":true,"href":"https:\/\/oexpressobr.com.br\/index.php?rest_route=%2Fwp%2Fv2%2Fcategories&post=5613"},{"taxonomy":"post_tag","embeddable":true,"href":"https:\/\/oexpressobr.com.br\/index.php?rest_route=%2Fwp%2Fv2%2Ftags&post=5613"}],"curies":[{"name":"wp","href":"https:\/\/api.w.org\/{rel}","templated":true}]}}