{"id":5618,"date":"2026-03-12T08:28:29","date_gmt":"2026-03-12T11:28:29","guid":{"rendered":"https:\/\/oexpressobr.com.br\/?p=5618"},"modified":"2026-03-12T08:28:39","modified_gmt":"2026-03-12T11:28:39","slug":"deputados-estaduais-articulam-medidas-contra-o-vereador-guilherme-kilter-apos-video-polemico-na-alep","status":"publish","type":"post","link":"https:\/\/oexpressobr.com.br\/?p=5618","title":{"rendered":"Deputados estaduais articulam medidas contra o vereador Guilherme Kilter ap\u00f3s v\u00eddeo pol\u00eamico na Alep"},"content":{"rendered":"\n<p class=\"wp-block-paragraph\">O clima pol\u00edtico entre a C\u00e2mara Municipal de Curitiba e a Assembleia Legislativa do Paran\u00e1 (Alep) atingiu um ponto de ebuli\u00e7\u00e3o nesta semana. Um grupo de deputados estaduais manifestou forte rep\u00fadio \u00e0 conduta do vereador curitibano <strong>Guilherme Kilter<\/strong>, acusando-o de utilizar as depend\u00eancias do legislativo estadual para produzir conte\u00fado de confronto visando engajamento em redes sociais \u2014 pr\u00e1tica pejorativamente chamada de &#8220;lacra\u00e7\u00e3o&#8221;.<\/p>\n\n\n\n<p class=\"wp-block-paragraph\">\u200bA controv\u00e9rsia teve in\u00edcio ap\u00f3s a publica\u00e7\u00e3o de um v\u00eddeo (reel) nas redes sociais do vereador, no qual ele confronta parlamentares em seus gabinetes ou nos corredores da Casa. Para os deputados, a atitude ultrapassa a fiscaliza\u00e7\u00e3o pol\u00edtica e entra no campo do desrespeito institucional.<\/p>\n\n\n\n<h3 class=\"wp-block-heading\">\u200bOs pontos centrais da disputa<\/h3>\n\n\n\n<p class=\"wp-block-paragraph\">\u200bA rea\u00e7\u00e3o dos parlamentares estaduais foca em tr\u00eas pilares principais:<\/p>\n\n\n\n<ul class=\"wp-block-list\">\n<li>\u200b<strong>Abandono de Deveres:<\/strong> Cr\u00edticos afirmam que, enquanto Curitiba enfrenta problemas estruturais urgentes, o vereador dedica tempo a &#8220;v\u00eddeos de internet&#8221; fora de sua esfera de atua\u00e7\u00e3o direta.<\/li>\n\n\n\n<li>\u200b<strong>Desrespeito Institucional:<\/strong> A Alep \u00e9 referida como a &#8220;Casa do Povo&#8221;, e os deputados argumentam que o espa\u00e7o est\u00e1 sendo usado para ataques pessoais que degradam a imagem do parlamento.<\/li>\n\n\n\n<li>\u200b<strong>A Era do &#8220;Ca\u00e7a-Like&#8221;:<\/strong> O termo foi usado para descrever uma nova gera\u00e7\u00e3o de pol\u00edticos que prioriza o impacto algor\u00edtmico e a visualiza\u00e7\u00e3o r\u00e1pida em detrimento do debate t\u00e9cnico e legislativo.<\/li>\n<\/ul>\n\n\n\n<h3 class=\"wp-block-heading\">\u200bProvid\u00eancias e desdobramentos<\/h3>\n\n\n\n<p class=\"wp-block-paragraph\">\u200bLideran\u00e7as da Assembleia j\u00e1 confirmaram que pretendem tomar <strong>medidas formais<\/strong> contra o vereador. Entre as possibilidades discutidas est\u00e3o:<\/p>\n\n\n\n<ol class=\"wp-block-list\">\n<li>\u200b<strong>Representa\u00e7\u00e3o \u00c9tica:<\/strong> Envio de uma nota oficial \u00e0 Comiss\u00e3o de \u00c9tica da C\u00e2mara Municipal de Curitiba.<\/li>\n\n\n\n<li>\u200b<strong>Restri\u00e7\u00e3o de Acesso:<\/strong> Discuss\u00e3o sobre protocolos de filmagem e conduta de autoridades municipais dentro das instala\u00e7\u00f5es da Alep.<\/li>\n\n\n\n<li>\u200b<strong>Resposta Pol\u00edtica:<\/strong> Discursos em plen\u00e1rio para expor o que chamam de &#8220;infantilidade&#8221; na gest\u00e3o p\u00fablica.<\/li>\n<\/ol>\n","protected":false},"excerpt":{"rendered":"<p>O clima pol\u00edtico entre a C\u00e2mara Municipal de Curitiba e a Assembleia Legislativa do Paran\u00e1 (Alep) atingiu um ponto de ebuli\u00e7\u00e3o nesta semana. Um grupo [&#8230;]<\/p>\n","protected":false},"author":1,"featured_media":5620,"comment_status":"open","ping_status":"open","sticky":false,"template":"","format":"standard","meta":{"_crdt_document":"","_jetpack_memberships_contains_paid_content":false,"footnotes":"","jetpack_publicize_message":"","jetpack_publicize_feature_enabled":true,"jetpack_social_post_already_shared":true,"jetpack_social_options":{"image_generator_settings":{"template":"highway","default_image_id":0,"font":"","enabled":false},"version":2}},"categories":[5],"tags":[],"class_list":["post-5618","post","type-post","status-publish","format-standard","has-post-thumbnail","hentry","category-parana"],"jetpack_publicize_connections":[],"jetpack_featured_media_url":"https:\/\/i0.wp.com\/oexpressobr.com.br\/wp-content\/uploads\/2026\/03\/iHljIRC9uUXGedBCiTl3mcWgmpEEmktk7Cxe718M.jpg?fit=863%2C576&ssl=1","jetpack_likes_enabled":true,"jetpack_sharing_enabled":true,"_links":{"self":[{"href":"https:\/\/oexpressobr.com.br\/index.php?rest_route=\/wp\/v2\/posts\/5618","targetHints":{"allow":["GET"]}}],"collection":[{"href":"https:\/\/oexpressobr.com.br\/index.php?rest_route=\/wp\/v2\/posts"}],"about":[{"href":"https:\/\/oexpressobr.com.br\/index.php?rest_route=\/wp\/v2\/types\/post"}],"author":[{"embeddable":true,"href":"https:\/\/oexpressobr.com.br\/index.php?rest_route=\/wp\/v2\/users\/1"}],"replies":[{"embeddable":true,"href":"https:\/\/oexpressobr.com.br\/index.php?rest_route=%2Fwp%2Fv2%2Fcomments&post=5618"}],"version-history":[{"count":1,"href":"https:\/\/oexpressobr.com.br\/index.php?rest_route=\/wp\/v2\/posts\/5618\/revisions"}],"predecessor-version":[{"id":5621,"href":"https:\/\/oexpressobr.com.br\/index.php?rest_route=\/wp\/v2\/posts\/5618\/revisions\/5621"}],"wp:featuredmedia":[{"embeddable":true,"href":"https:\/\/oexpressobr.com.br\/index.php?rest_route=\/wp\/v2\/media\/5620"}],"wp:attachment":[{"href":"https:\/\/oexpressobr.com.br\/index.php?rest_route=%2Fwp%2Fv2%2Fmedia&parent=5618"}],"wp:term":[{"taxonomy":"category","embeddable":true,"href":"https:\/\/oexpressobr.com.br\/index.php?rest_route=%2Fwp%2Fv2%2Fcategories&post=5618"},{"taxonomy":"post_tag","embeddable":true,"href":"https:\/\/oexpressobr.com.br\/index.php?rest_route=%2Fwp%2Fv2%2Ftags&post=5618"}],"curies":[{"name":"wp","href":"https:\/\/api.w.org\/{rel}","templated":true}]}}